{"id":1740,"date":"2024-02-26T10:52:00","date_gmt":"2024-02-26T09:52:00","guid":{"rendered":"https:\/\/www.flexsis.ch\/?p=1740"},"modified":"2025-04-11T15:15:34","modified_gmt":"2025-04-11T13:15:34","slug":"der-zusammenschluss-von-global-personal-partner-ag-und-interima-sa-ein-rueckblick","status":"publish","type":"post","link":"https:\/\/www.flexsis.ch\/de\/der-zusammenschluss-von-global-personal-partner-ag-und-interima-sa-ein-rueckblick\/","title":{"rendered":"Der Zusammenschluss von Global Personal Partner AG und Interima SA: Ein R\u00fcckblick"},"content":{"rendered":"\n<p id=\"ember250\">Die gemeinsame Entscheidung von Global Personal Partner AG und Interima SA f\u00fcr einen Namenswechsel war zweifellos einer der bedeutendsten Schritte auf meinem Berufsweg. Unsere Priorit\u00e4t bestand darin, intern eine klare und positive Kommunikation sicherzustellen und unsere Belegschaft vom Zusammenschluss zu \u00fcberzeugen. Das Ziel war daher, dass unsere Mitarbeitenden einerseits den Mehrwert des Markenwechsels erkennen und andererseits unsere Wertsch\u00e4tzung sp\u00fcren, damit sie massgeblich zu einer gemeinsamen und erfolgreichen Ver\u00e4nderung beitragen k\u00f6nnen.<\/p>\n\n\n\n<blockquote class=\"wp-block-quote is-layout-flow wp-block-quote-is-layout-flow\">\n<p>\u00ab<em>Gemeinsam mit unseren starken Teams der Global Personal Partner AG und Interima SA wollten wir ein neues Kapitel in unserer Unternehmensgeschichte schreiben. Dabei strebten wir nach einer nationalen Marke mit starken Werten, die die Unternehmensidentit\u00e4t von den beiden Tochtergesellschaften der Interiman Group widerspiegelt.<\/em>\u00bb<\/p>\n<\/blockquote>\n\n\n\n<p id=\"ember252\"><strong>Flexsis: Ein Monat des Wandels und Wachstums<\/strong><\/p>\n\n\n\n<p id=\"ember253\">R\u00fcckblickend auf den ersten Monat mit neuem Namen, erf\u00fcllt es mich mit Stolz, dass ich Teil der Entstehung und der Weiterentwicklung von Flexsis bin. In den ersten Wochen konzentrierten wir uns stark darauf, dass operative Abl\u00e4ufe reibungslos funktionieren. Ein Zusammenschluss erfordert die \u00fcbergreifende Zusammenarbeit aller Teams \u2013 dazu geh\u00f6rt auch die Abstimmung der technischen Prozesse beider Unternehmen.<\/p>\n\n\n\n<blockquote class=\"wp-block-quote is-layout-flow wp-block-quote-is-layout-flow\">\n<p>\u00ab<em>Aus diesem Grund m\u00f6chte ich mich bei den Mitarbeitenden von Flexsis und der Interiman Group bedanken: Nur dank eurem unerm\u00fcdlichen Einsatz an der Front sowie im Hintergrund k\u00f6nnen wir positiv auf den ersten Monat in der Geschichte von Flexsis zur\u00fcckblicken.<\/em>\u00bb<\/p>\n<\/blockquote>\n\n\n\n<p id=\"ember255\"><strong>Die Zukunft von Flexsis: Ein Ausblick<\/strong><\/p>\n\n\n\n<p id=\"ember256\">Nachdem wir eine operative Stabilit\u00e4t sicherstellen konnten, m\u00f6chten wir diese im Hinblick auf die folgenden Monate ausbauen. Dabei z\u00e4hlen wir besonders auf unsere vier Werte \u2013 N\u00e4he, Menschlichkeit, Expertise und Schweizer Identit\u00e4t. Diese Grundpfeiler von Flexsis sehen wir als Schl\u00fcssel zum Erfolg: Jeder unserer Werte tr\u00e4gt dazu bei, dass wir eine klare Vision haben, um unsere Ziele zu erreichen, neue Chancen zu schaffen, Vertrauen aufzubauen und eine nationale Pr\u00e4senz zu etablieren.<\/p>\n\n\n\n<blockquote class=\"wp-block-quote is-layout-flow wp-block-quote-is-layout-flow\">\n<p>\u00ab<em>Wir wollen \u00fcber die Personalberatung hinausgehen, denn unser Grundwert, dass der Mensch an erster Stelle steht, soll t\u00e4glich an all unseren 49 Standorten in der Schweiz gelebt werden. Wir handeln flexibel und l\u00f6sungsorientiert, um das Leben unserer Kunden, Fachkr\u00e4fte und internen Mitarbeitenden zu verbessern.<\/em>\u00bb<\/p>\n<\/blockquote>\n\n\n\n<p id=\"ember258\">Unsere Vision ist es, nicht nur ein Dienstleister zu sein, sondern ein Partner f\u00fcr individuelle Karriereentwicklungen und massgeschneiderte Kundenl\u00f6sungen. Mit einem klaren Fokus auf Menschen, Werte und Qualit\u00e4t streben wir danach, in unserer Branche neue Massst\u00e4be zu setzen und nachhaltige Beziehungen aufzubauen.<\/p>\n","protected":false},"excerpt":{"rendered":"<p>Die gemeinsame Entscheidung von Global Personal Partner AG und Interima SA f\u00fcr einen Namenswechsel war zweifellos einer der bedeutendsten Schritte auf meinem Berufsweg. Unsere Priorit\u00e4t bestand darin, intern eine klare und positive Kommunikation sicherzustellen und unsere Belegschaft vom Zusammenschluss zu \u00fcberzeugen. Das Ziel war daher, dass unsere Mitarbeitenden einerseits den Mehrwert des Markenwechsels erkennen und [&#8230;]<\/p>\n<p><a class=\"btn btn-secondary understrap-read-more-link\" href=\"https:\/\/www.flexsis.ch\/de\/der-zusammenschluss-von-global-personal-partner-ag-und-interima-sa-ein-rueckblick\/\">Weiterlesen&#8230;<span class=\"screen-reader-text\"> from Der Zusammenschluss von Global Personal Partner AG und Interima SA: Ein R\u00fcckblick<\/span><\/a><\/p>\n","protected":false},"author":9,"featured_media":1762,"comment_status":"closed","ping_status":"open","sticky":false,"template":"","format":"standard","meta":{"_monsterinsights_skip_tracking":false,"_monsterinsights_sitenote_active":false,"_monsterinsights_sitenote_note":"","_monsterinsights_sitenote_category":0,"footnotes":""},"categories":[43],"tags":[],"class_list":["post-1740","post","type-post","status-publish","format-standard","has-post-thumbnail","hentry","category-blog"],"yoast_head":"<!-- This site is optimized with the Yoast SEO plugin v26.9 - https:\/\/yoast.com\/product\/yoast-seo-wordpress\/ -->\n<title>Flexsis<\/title>\n<meta name=\"description\" content=\"Die gemeinsame Entscheidung von Global Personal Partner AG und Interima SA f\u00fcr einen Namenswechsel war zweifellos einer der bedeutendsten Schritte auf meinem Berufsweg. Unsere Priorit\u00e4t bestand darin, intern eine klare und positive Kommunikation sicherzustellen und unsere Belegschaft vom Zusammenschluss zu \u00fcberzeugen. Das Ziel war daher, dass unsere Mitarbeitenden einerseits den Mehrwert des Markenwechsels erkennen und andererseits unsere Wertsch\u00e4tzung sp\u00fcren, damit sie massgeblich zu einer gemeinsamen und erfolgreichen Ver\u00e4nderung beitragen k\u00f6nnen.\" \/>\n<meta name=\"robots\" content=\"index, follow, max-snippet:-1, max-image-preview:large, max-video-preview:-1\" \/>\n<link rel=\"canonical\" href=\"https:\/\/www.flexsis.ch\/de\/der-zusammenschluss-von-global-personal-partner-ag-und-interima-sa-ein-rueckblick\/\" \/>\n<meta property=\"og:locale\" content=\"de_DE\" \/>\n<meta property=\"og:type\" content=\"article\" \/>\n<meta property=\"og:title\" content=\"Der Zusammenschluss von Global Personal Partner AG und Interima SA: Ein R\u00fcckblick - Flexsis\" \/>\n<meta property=\"og:description\" content=\"Die gemeinsame Entscheidung von Global Personal Partner AG und Interima SA f\u00fcr einen Namenswechsel war zweifellos einer der bedeutendsten Schritte auf meinem Berufsweg. Unsere Priorit\u00e4t bestand darin, intern eine klare und positive Kommunikation sicherzustellen und unsere Belegschaft vom Zusammenschluss zu \u00fcberzeugen. Das Ziel war daher, dass unsere Mitarbeitenden einerseits den Mehrwert des Markenwechsels erkennen und andererseits unsere Wertsch\u00e4tzung sp\u00fcren, damit sie massgeblich zu einer gemeinsamen und erfolgreichen Ver\u00e4nderung beitragen k\u00f6nnen.\" \/>\n<meta property=\"og:url\" content=\"https:\/\/www.flexsis.ch\/de\/der-zusammenschluss-von-global-personal-partner-ag-und-interima-sa-ein-rueckblick\/\" \/>\n<meta property=\"og:site_name\" content=\"Flexsis\" \/>\n<meta property=\"article:published_time\" content=\"2024-02-26T09:52:00+00:00\" \/>\n<meta property=\"article:modified_time\" content=\"2025-04-11T13:15:34+00:00\" \/>\n<meta property=\"og:image\" content=\"https:\/\/www.flexsis.ch\/wp-content\/uploads\/2024\/02\/Flexsis-Blog-1024x683.png\" \/>\n\t<meta property=\"og:image:width\" content=\"1024\" \/>\n\t<meta property=\"og:image:height\" content=\"683\" \/>\n\t<meta property=\"og:image:type\" content=\"image\/png\" \/>\n<meta name=\"author\" content=\"Marketing\" \/>\n<meta name=\"twitter:card\" content=\"summary_large_image\" \/>\n<meta name=\"twitter:label1\" content=\"Verfasst von\" \/>\n\t<meta name=\"twitter:data1\" content=\"Marketing\" \/>\n\t<meta name=\"twitter:label2\" content=\"Gesch\u00e4tzte Lesezeit\" \/>\n\t<meta name=\"twitter:data2\" content=\"2\u00a0Minuten\" \/>\n<script type=\"application\/ld+json\" class=\"yoast-schema-graph\">{\"@context\":\"https:\/\/schema.org\",\"@graph\":[{\"@type\":\"Article\",\"@id\":\"https:\/\/www.flexsis.ch\/de\/der-zusammenschluss-von-global-personal-partner-ag-und-interima-sa-ein-rueckblick\/#article\",\"isPartOf\":{\"@id\":\"https:\/\/www.flexsis.ch\/de\/der-zusammenschluss-von-global-personal-partner-ag-und-interima-sa-ein-rueckblick\/\"},\"author\":{\"name\":\"Marketing\",\"@id\":\"https:\/\/www.flexsis.ch\/de\/#\/schema\/person\/1dfa8c391bdaadc11874cd92abff18be\"},\"headline\":\"Der Zusammenschluss von Global Personal Partner AG und Interima SA: Ein R\u00fcckblick\",\"datePublished\":\"2024-02-26T09:52:00+00:00\",\"dateModified\":\"2025-04-11T13:15:34+00:00\",\"mainEntityOfPage\":{\"@id\":\"https:\/\/www.flexsis.ch\/de\/der-zusammenschluss-von-global-personal-partner-ag-und-interima-sa-ein-rueckblick\/\"},\"wordCount\":420,\"publisher\":{\"@id\":\"https:\/\/www.flexsis.ch\/de\/#organization\"},\"image\":{\"@id\":\"https:\/\/www.flexsis.ch\/de\/der-zusammenschluss-von-global-personal-partner-ag-und-interima-sa-ein-rueckblick\/#primaryimage\"},\"thumbnailUrl\":\"https:\/\/www.flexsis.ch\/wp-content\/uploads\/2024\/02\/Flexsis-Blog.png\",\"articleSection\":[\"Blog\"],\"inLanguage\":\"de\"},{\"@type\":\"WebPage\",\"@id\":\"https:\/\/www.flexsis.ch\/de\/der-zusammenschluss-von-global-personal-partner-ag-und-interima-sa-ein-rueckblick\/\",\"url\":\"https:\/\/www.flexsis.ch\/de\/der-zusammenschluss-von-global-personal-partner-ag-und-interima-sa-ein-rueckblick\/\",\"name\":\"Der Zusammenschluss von Global Personal Partner AG und Interima SA: Ein R\u00fcckblick - Flexsis\",\"isPartOf\":{\"@id\":\"https:\/\/www.flexsis.ch\/de\/#website\"},\"primaryImageOfPage\":{\"@id\":\"https:\/\/www.flexsis.ch\/de\/der-zusammenschluss-von-global-personal-partner-ag-und-interima-sa-ein-rueckblick\/#primaryimage\"},\"image\":{\"@id\":\"https:\/\/www.flexsis.ch\/de\/der-zusammenschluss-von-global-personal-partner-ag-und-interima-sa-ein-rueckblick\/#primaryimage\"},\"thumbnailUrl\":\"https:\/\/www.flexsis.ch\/wp-content\/uploads\/2024\/02\/Flexsis-Blog.png\",\"datePublished\":\"2024-02-26T09:52:00+00:00\",\"dateModified\":\"2025-04-11T13:15:34+00:00\",\"description\":\"Die gemeinsame Entscheidung von Global Personal Partner AG und Interima SA f\u00fcr einen Namenswechsel war zweifellos einer der bedeutendsten Schritte auf meinem Berufsweg. Unsere Priorit\u00e4t bestand darin, intern eine klare und positive Kommunikation sicherzustellen und unsere Belegschaft vom Zusammenschluss zu \u00fcberzeugen. Das Ziel war daher, dass unsere Mitarbeitenden einerseits den Mehrwert des Markenwechsels erkennen und andererseits unsere Wertsch\u00e4tzung sp\u00fcren, damit sie massgeblich zu einer gemeinsamen und erfolgreichen Ver\u00e4nderung beitragen k\u00f6nnen.\",\"breadcrumb\":{\"@id\":\"https:\/\/www.flexsis.ch\/de\/der-zusammenschluss-von-global-personal-partner-ag-und-interima-sa-ein-rueckblick\/#breadcrumb\"},\"inLanguage\":\"de\",\"potentialAction\":[{\"@type\":\"ReadAction\",\"target\":[\"https:\/\/www.flexsis.ch\/de\/der-zusammenschluss-von-global-personal-partner-ag-und-interima-sa-ein-rueckblick\/\"]}]},{\"@type\":\"ImageObject\",\"inLanguage\":\"de\",\"@id\":\"https:\/\/www.flexsis.ch\/de\/der-zusammenschluss-von-global-personal-partner-ag-und-interima-sa-ein-rueckblick\/#primaryimage\",\"url\":\"https:\/\/www.flexsis.ch\/wp-content\/uploads\/2024\/02\/Flexsis-Blog.png\",\"contentUrl\":\"https:\/\/www.flexsis.ch\/wp-content\/uploads\/2024\/02\/Flexsis-Blog.png\",\"width\":2048,\"height\":1365},{\"@type\":\"BreadcrumbList\",\"@id\":\"https:\/\/www.flexsis.ch\/de\/der-zusammenschluss-von-global-personal-partner-ag-und-interima-sa-ein-rueckblick\/#breadcrumb\",\"itemListElement\":[{\"@type\":\"ListItem\",\"position\":1,\"name\":\"Accueil\",\"item\":\"https:\/\/www.flexsis.ch\/de\/\"},{\"@type\":\"ListItem\",\"position\":2,\"name\":\"Der Zusammenschluss von Global Personal Partner AG und Interima SA: Ein R\u00fcckblick\"}]},{\"@type\":\"WebSite\",\"@id\":\"https:\/\/www.flexsis.ch\/de\/#website\",\"url\":\"https:\/\/www.flexsis.ch\/de\/\",\"name\":\"Flexsis\",\"description\":\"Personalrekrutierung- und vermittlung, fest und tempor\u00e4r\",\"publisher\":{\"@id\":\"https:\/\/www.flexsis.ch\/de\/#organization\"},\"potentialAction\":[{\"@type\":\"SearchAction\",\"target\":{\"@type\":\"EntryPoint\",\"urlTemplate\":\"https:\/\/www.flexsis.ch\/de\/?s={search_term_string}\"},\"query-input\":{\"@type\":\"PropertyValueSpecification\",\"valueRequired\":true,\"valueName\":\"search_term_string\"}}],\"inLanguage\":\"de\"},{\"@type\":\"Organization\",\"@id\":\"https:\/\/www.flexsis.ch\/de\/#organization\",\"name\":\"Flexsis\",\"url\":\"https:\/\/www.flexsis.ch\/de\/\",\"logo\":{\"@type\":\"ImageObject\",\"inLanguage\":\"de\",\"@id\":\"https:\/\/www.flexsis.ch\/de\/#\/schema\/logo\/image\/\",\"url\":\"https:\/\/www.flexsis.ch\/wp-content\/uploads\/2024\/02\/flexsis_696x696.jpg\",\"contentUrl\":\"https:\/\/www.flexsis.ch\/wp-content\/uploads\/2024\/02\/flexsis_696x696.jpg\",\"width\":696,\"height\":696,\"caption\":\"Flexsis\"},\"image\":{\"@id\":\"https:\/\/www.flexsis.ch\/de\/#\/schema\/logo\/image\/\"}},{\"@type\":\"Person\",\"@id\":\"https:\/\/www.flexsis.ch\/de\/#\/schema\/person\/1dfa8c391bdaadc11874cd92abff18be\",\"name\":\"Marketing\",\"url\":\"https:\/\/www.flexsis.ch\/de\/author\/teammarketing\/\"}]}<\/script>\n<!-- \/ Yoast SEO plugin. -->","yoast_head_json":{"title":"Flexsis","description":"Die gemeinsame Entscheidung von Global Personal Partner AG und Interima SA f\u00fcr einen Namenswechsel war zweifellos einer der bedeutendsten Schritte auf meinem Berufsweg. Unsere Priorit\u00e4t bestand darin, intern eine klare und positive Kommunikation sicherzustellen und unsere Belegschaft vom Zusammenschluss zu \u00fcberzeugen. Das Ziel war daher, dass unsere Mitarbeitenden einerseits den Mehrwert des Markenwechsels erkennen und andererseits unsere Wertsch\u00e4tzung sp\u00fcren, damit sie massgeblich zu einer gemeinsamen und erfolgreichen Ver\u00e4nderung beitragen k\u00f6nnen.","robots":{"index":"index","follow":"follow","max-snippet":"max-snippet:-1","max-image-preview":"max-image-preview:large","max-video-preview":"max-video-preview:-1"},"canonical":"https:\/\/www.flexsis.ch\/de\/der-zusammenschluss-von-global-personal-partner-ag-und-interima-sa-ein-rueckblick\/","og_locale":"de_DE","og_type":"article","og_title":"Der Zusammenschluss von Global Personal Partner AG und Interima SA: Ein R\u00fcckblick - Flexsis","og_description":"Die gemeinsame Entscheidung von Global Personal Partner AG und Interima SA f\u00fcr einen Namenswechsel war zweifellos einer der bedeutendsten Schritte auf meinem Berufsweg. Unsere Priorit\u00e4t bestand darin, intern eine klare und positive Kommunikation sicherzustellen und unsere Belegschaft vom Zusammenschluss zu \u00fcberzeugen. Das Ziel war daher, dass unsere Mitarbeitenden einerseits den Mehrwert des Markenwechsels erkennen und andererseits unsere Wertsch\u00e4tzung sp\u00fcren, damit sie massgeblich zu einer gemeinsamen und erfolgreichen Ver\u00e4nderung beitragen k\u00f6nnen.","og_url":"https:\/\/www.flexsis.ch\/de\/der-zusammenschluss-von-global-personal-partner-ag-und-interima-sa-ein-rueckblick\/","og_site_name":"Flexsis","article_published_time":"2024-02-26T09:52:00+00:00","article_modified_time":"2025-04-11T13:15:34+00:00","og_image":[{"width":1024,"height":683,"url":"https:\/\/www.flexsis.ch\/wp-content\/uploads\/2024\/02\/Flexsis-Blog-1024x683.png","type":"image\/png"}],"author":"Marketing","twitter_card":"summary_large_image","twitter_misc":{"Verfasst von":"Marketing","Gesch\u00e4tzte Lesezeit":"2\u00a0Minuten"},"schema":{"@context":"https:\/\/schema.org","@graph":[{"@type":"Article","@id":"https:\/\/www.flexsis.ch\/de\/der-zusammenschluss-von-global-personal-partner-ag-und-interima-sa-ein-rueckblick\/#article","isPartOf":{"@id":"https:\/\/www.flexsis.ch\/de\/der-zusammenschluss-von-global-personal-partner-ag-und-interima-sa-ein-rueckblick\/"},"author":{"name":"Marketing","@id":"https:\/\/www.flexsis.ch\/de\/#\/schema\/person\/1dfa8c391bdaadc11874cd92abff18be"},"headline":"Der Zusammenschluss von Global Personal Partner AG und Interima SA: Ein R\u00fcckblick","datePublished":"2024-02-26T09:52:00+00:00","dateModified":"2025-04-11T13:15:34+00:00","mainEntityOfPage":{"@id":"https:\/\/www.flexsis.ch\/de\/der-zusammenschluss-von-global-personal-partner-ag-und-interima-sa-ein-rueckblick\/"},"wordCount":420,"publisher":{"@id":"https:\/\/www.flexsis.ch\/de\/#organization"},"image":{"@id":"https:\/\/www.flexsis.ch\/de\/der-zusammenschluss-von-global-personal-partner-ag-und-interima-sa-ein-rueckblick\/#primaryimage"},"thumbnailUrl":"https:\/\/www.flexsis.ch\/wp-content\/uploads\/2024\/02\/Flexsis-Blog.png","articleSection":["Blog"],"inLanguage":"de"},{"@type":"WebPage","@id":"https:\/\/www.flexsis.ch\/de\/der-zusammenschluss-von-global-personal-partner-ag-und-interima-sa-ein-rueckblick\/","url":"https:\/\/www.flexsis.ch\/de\/der-zusammenschluss-von-global-personal-partner-ag-und-interima-sa-ein-rueckblick\/","name":"Der Zusammenschluss von Global Personal Partner AG und Interima SA: Ein R\u00fcckblick - Flexsis","isPartOf":{"@id":"https:\/\/www.flexsis.ch\/de\/#website"},"primaryImageOfPage":{"@id":"https:\/\/www.flexsis.ch\/de\/der-zusammenschluss-von-global-personal-partner-ag-und-interima-sa-ein-rueckblick\/#primaryimage"},"image":{"@id":"https:\/\/www.flexsis.ch\/de\/der-zusammenschluss-von-global-personal-partner-ag-und-interima-sa-ein-rueckblick\/#primaryimage"},"thumbnailUrl":"https:\/\/www.flexsis.ch\/wp-content\/uploads\/2024\/02\/Flexsis-Blog.png","datePublished":"2024-02-26T09:52:00+00:00","dateModified":"2025-04-11T13:15:34+00:00","description":"Die gemeinsame Entscheidung von Global Personal Partner AG und Interima SA f\u00fcr einen Namenswechsel war zweifellos einer der bedeutendsten Schritte auf meinem Berufsweg. Unsere Priorit\u00e4t bestand darin, intern eine klare und positive Kommunikation sicherzustellen und unsere Belegschaft vom Zusammenschluss zu \u00fcberzeugen. Das Ziel war daher, dass unsere Mitarbeitenden einerseits den Mehrwert des Markenwechsels erkennen und andererseits unsere Wertsch\u00e4tzung sp\u00fcren, damit sie massgeblich zu einer gemeinsamen und erfolgreichen Ver\u00e4nderung beitragen k\u00f6nnen.","breadcrumb":{"@id":"https:\/\/www.flexsis.ch\/de\/der-zusammenschluss-von-global-personal-partner-ag-und-interima-sa-ein-rueckblick\/#breadcrumb"},"inLanguage":"de","potentialAction":[{"@type":"ReadAction","target":["https:\/\/www.flexsis.ch\/de\/der-zusammenschluss-von-global-personal-partner-ag-und-interima-sa-ein-rueckblick\/"]}]},{"@type":"ImageObject","inLanguage":"de","@id":"https:\/\/www.flexsis.ch\/de\/der-zusammenschluss-von-global-personal-partner-ag-und-interima-sa-ein-rueckblick\/#primaryimage","url":"https:\/\/www.flexsis.ch\/wp-content\/uploads\/2024\/02\/Flexsis-Blog.png","contentUrl":"https:\/\/www.flexsis.ch\/wp-content\/uploads\/2024\/02\/Flexsis-Blog.png","width":2048,"height":1365},{"@type":"BreadcrumbList","@id":"https:\/\/www.flexsis.ch\/de\/der-zusammenschluss-von-global-personal-partner-ag-und-interima-sa-ein-rueckblick\/#breadcrumb","itemListElement":[{"@type":"ListItem","position":1,"name":"Accueil","item":"https:\/\/www.flexsis.ch\/de\/"},{"@type":"ListItem","position":2,"name":"Der Zusammenschluss von Global Personal Partner AG und Interima SA: Ein R\u00fcckblick"}]},{"@type":"WebSite","@id":"https:\/\/www.flexsis.ch\/de\/#website","url":"https:\/\/www.flexsis.ch\/de\/","name":"Flexsis","description":"Personalrekrutierung- und vermittlung, fest und tempor\u00e4r","publisher":{"@id":"https:\/\/www.flexsis.ch\/de\/#organization"},"potentialAction":[{"@type":"SearchAction","target":{"@type":"EntryPoint","urlTemplate":"https:\/\/www.flexsis.ch\/de\/?s={search_term_string}"},"query-input":{"@type":"PropertyValueSpecification","valueRequired":true,"valueName":"search_term_string"}}],"inLanguage":"de"},{"@type":"Organization","@id":"https:\/\/www.flexsis.ch\/de\/#organization","name":"Flexsis","url":"https:\/\/www.flexsis.ch\/de\/","logo":{"@type":"ImageObject","inLanguage":"de","@id":"https:\/\/www.flexsis.ch\/de\/#\/schema\/logo\/image\/","url":"https:\/\/www.flexsis.ch\/wp-content\/uploads\/2024\/02\/flexsis_696x696.jpg","contentUrl":"https:\/\/www.flexsis.ch\/wp-content\/uploads\/2024\/02\/flexsis_696x696.jpg","width":696,"height":696,"caption":"Flexsis"},"image":{"@id":"https:\/\/www.flexsis.ch\/de\/#\/schema\/logo\/image\/"}},{"@type":"Person","@id":"https:\/\/www.flexsis.ch\/de\/#\/schema\/person\/1dfa8c391bdaadc11874cd92abff18be","name":"Marketing","url":"https:\/\/www.flexsis.ch\/de\/author\/teammarketing\/"}]}},"_links":{"self":[{"href":"https:\/\/www.flexsis.ch\/de\/wp-json\/wp\/v2\/posts\/1740","targetHints":{"allow":["GET"]}}],"collection":[{"href":"https:\/\/www.flexsis.ch\/de\/wp-json\/wp\/v2\/posts"}],"about":[{"href":"https:\/\/www.flexsis.ch\/de\/wp-json\/wp\/v2\/types\/post"}],"author":[{"embeddable":true,"href":"https:\/\/www.flexsis.ch\/de\/wp-json\/wp\/v2\/users\/9"}],"replies":[{"embeddable":true,"href":"https:\/\/www.flexsis.ch\/de\/wp-json\/wp\/v2\/comments?post=1740"}],"version-history":[{"count":5,"href":"https:\/\/www.flexsis.ch\/de\/wp-json\/wp\/v2\/posts\/1740\/revisions"}],"predecessor-version":[{"id":1749,"href":"https:\/\/www.flexsis.ch\/de\/wp-json\/wp\/v2\/posts\/1740\/revisions\/1749"}],"wp:featuredmedia":[{"embeddable":true,"href":"https:\/\/www.flexsis.ch\/de\/wp-json\/wp\/v2\/media\/1762"}],"wp:attachment":[{"href":"https:\/\/www.flexsis.ch\/de\/wp-json\/wp\/v2\/media?parent=1740"}],"wp:term":[{"taxonomy":"category","embeddable":true,"href":"https:\/\/www.flexsis.ch\/de\/wp-json\/wp\/v2\/categories?post=1740"},{"taxonomy":"post_tag","embeddable":true,"href":"https:\/\/www.flexsis.ch\/de\/wp-json\/wp\/v2\/tags?post=1740"}],"curies":[{"name":"wp","href":"https:\/\/api.w.org\/{rel}","templated":true}]}}