{"id":2486,"date":"2026-04-21T14:00:00","date_gmt":"2026-04-21T12:00:00","guid":{"rendered":"https:\/\/www.flexsis.ch\/?p=2486"},"modified":"2026-04-21T15:57:55","modified_gmt":"2026-04-21T13:57:55","slug":"flexsis-wohlen-baukompetenz-mit-bodenhaftung-und-tempo","status":"publish","type":"post","link":"https:\/\/www.flexsis.ch\/de\/flexsis-wohlen-baukompetenz-mit-bodenhaftung-und-tempo\/","title":{"rendered":"Flexsis Wohlen: Baukompetenz im Takt des Marktes"},"content":{"rendered":"\n<p>Anfang 2024 ist die Flexsis-Filiale Wohlen an ihren heutigen, gr\u00f6sseren Standort umgezogen. Mehr Raum, n\u00e4her am Markt und besser vernetzt mit der regionalen Bauwirtschaft. Im Herzen des Freiamts, wo Bauprojekte das Tempo vorgeben, hat sich ein Team etabliert, das schnell handelt, sauber arbeitet und nah an den Menschen bleibt.<\/p>\n\n\n\n<h5 class=\"wp-block-heading\"><strong>Bau ist hier Alltag<\/strong><\/h5>\n\n\n\n<p>Der Schwerpunkt der Filiale liegt klar im Bauhaupt- und Baunebengewerbe. Vermittelt werden Fachkr\u00e4fte f\u00fcr Hoch-, Tief- und Strassenbau ebenso wie f\u00fcr Gartenbau, Plattenlegerarbeiten, Gipser- und Malert\u00e4tigkeiten. Tempor\u00e4re Eins\u00e4tze bilden das Tagesgesch\u00e4ft, erg\u00e4nzt durch Try-and-Hire-Modelle und Payroll-L\u00f6sungen f\u00fcr l\u00e4ngere Einsatzzyklen.<\/p>\n\n\n\n<p>Gezielte Festbesetzungen geh\u00f6ren ebenfalls dazu, etwa f\u00fcr Vorarbeiter, Polierer oder Bauf\u00fchrer. In diesen F\u00e4llen geht die Filiale strukturiert vor, schreibt pr\u00e4zise aus und begleitet den Prozess eng bis zur Vertragsunterzeichnung.<\/p>\n\n\n\n<h5 class=\"wp-block-heading\"><strong>N\u00e4he zum Markt statt Zufallstreffer<\/strong><\/h5>\n\n\n\n<p>Die Rekrutierung erfolgt \u00fcber verschiedene Kan\u00e4le: Jobplattformen, gezielte Marketingmassnahmen und bei Bedarf auch die internationale Rekrutierung insbesondere in Portugal. Entscheidender als der Kanal ist jedoch das Netzwerk. Empfehlungen spielen eine zentrale Rolle. Gute Arbeit spricht sich herum, sowohl unter Kandidaten als auch bei Kunden. Dieses Vertrauen ist ein zentraler Pfeiler der t\u00e4glichen Arbeit.<\/p>\n\n\n\n<p>Gleichzeitig bewegt sich die Filiale in einem angespannten Markt, insbesondere in qualifizierten Funktionen. Die Antwort des Teams ist kein starres Modell, sondern kontinuierliche Arbeit. Woche f\u00fcr Woche werden Gespr\u00e4che gef\u00fchrt, Profile gepr\u00fcft und Kontakte gepflegt. Der Anspruch bleibt gleich: realistisch einsch\u00e4tzen, sauber abgleichen und pragmatisch entscheiden.<\/p>\n\n\n\n<figure class=\"wp-block-embed is-provider-youtube wp-block-embed-youtube\"><div class=\"wp-block-embed__wrapper\">\n<iframe loading=\"lazy\" title=\"Flexsis Wohlen: Stark im Bau, klar im Handeln\" width=\"640\" height=\"360\" src=\"https:\/\/www.youtube.com\/embed\/9hYX9fblMaQ?feature=oembed\" frameborder=\"0\" allow=\"accelerometer; autoplay; clipboard-write; encrypted-media; gyroscope; picture-in-picture; web-share\" referrerpolicy=\"strict-origin-when-cross-origin\" allowfullscreen><\/iframe>\n<\/div><\/figure>\n\n\n\n<h5 class=\"wp-block-heading\"><strong>Passung entsteht im Detail<\/strong><\/h5>\n\n\n\n<p>Jede Anfrage beginnt mit dem Verst\u00e4ndnis f\u00fcr die Arbeit selbst. Aufgaben, Erwartungen, Sicherheitsanforderungen und Teamstrukturen werden genau betrachtet. Erst danach folgt der Abgleich mit dem eigenen Kandidatenpool. Erfahrungen werden \u00fcberpr\u00fcft, Gespr\u00e4che gezielt gef\u00fchrt.<\/p>\n\n\n\n<p>Bevor ein Profil vorgeschlagen wird, geh\u00f6rt ein verbindlicher Referenzcheck zum Standard. Er stellt sicher, dass Arbeitsweise, Erfahrung und Verl\u00e4sslichkeit best\u00e4tigt sind. Passt alles, startet der Einsatz in der Regel sofort: schnell, transparent und klar dokumentiert.<\/p>\n\n\n\n<p>Die Begleitung endet nicht mit der Unterschrift. Fragen zur Lohnabrechnung, zur Einsatzorganisation oder zur Orientierung im Arbeitsalltag werden ernst genommen. Die Filiale bleibt erreichbar, auch ausserhalb der B\u00fcrozeiten. Besuche auf der Baustelle und der direkte Austausch geh\u00f6ren selbstverst\u00e4ndlich dazu.<\/p>\n\n\n\n<h5 class=\"wp-block-heading\"><strong>Ein verl\u00e4sslicher Partner f\u00fcr Unternehmen<\/strong><\/h5>\n\n\n\n<p>Unternehmen arbeiten mit Flexsis Wohlen, weil Reaktionsgeschwindigkeit, Transparenz und Erreichbarkeit z\u00e4hlen. Wenn kurzfristiger Bedarf Realit\u00e4t ist, braucht es L\u00f6sungen ohne Umwege, aber mit hoher Passgenauigkeit. Gleichzeitig denkt die Filiale langfristig. Regelm\u00e4ssige Standortgespr\u00e4che, klare R\u00fcckmeldeschlaufen und die Bereitschaft, Prozesse gemeinsam weiterzuentwickeln, schaffen stabile Partnerschaften.<\/p>\n\n\n\n<h5 class=\"wp-block-heading\"><strong>Wie aus einer Vermittlung eine Partnerschaft wurde<\/strong><\/h5>\n\n\n\n<p>Wie diese Haltung wirkt, zeigt ein Beispiel aus der Praxis. Nach der Insolvenz eines Bauunternehmens standen ein Vorarbeiter und vier Mitarbeitende kurzfristig vor der Filiale. Das Team h\u00f6rte zu, strukturierte die Situation und handelte. Parallel zur Aufnahme der Kandidaten wurde ein passender Neukunde aufgebaut und die eingespielte Gruppe gemeinsam vermittelt.<\/p>\n\n\n\n<p>Aus diesem ersten Einsatz entwickelte sich eine langfristige Zusammenarbeit. Heute arbeiten in diesem Unternehmen rund 25 Flexsis-Mitarbeitende in den Bereichen Garten- und Tiefbau. Ein Beispiel daf\u00fcr, wie Marktkenntnis und Timing Wirkung entfalten.<\/p>\n\n\n\n<figure class=\"wp-block-embed is-provider-youtube wp-block-embed-youtube\"><div class=\"wp-block-embed__wrapper\">\n<iframe loading=\"lazy\" title=\"Flexsis Wohlen: Begleitung und Perspektiven im Bau\" width=\"640\" height=\"360\" src=\"https:\/\/www.youtube.com\/embed\/9nIRNzFo1G4?feature=oembed\" frameborder=\"0\" allow=\"accelerometer; autoplay; clipboard-write; encrypted-media; gyroscope; picture-in-picture; web-share\" referrerpolicy=\"strict-origin-when-cross-origin\" allowfullscreen><\/iframe>\n<\/div><\/figure>\n\n\n\n<h5 class=\"wp-block-heading\"><strong>Perspektiven schaffen<\/strong><\/h5>\n\n\n\n<p>Nicht jede Wunschposition ist immer sofort verf\u00fcgbar. Wichtig ist, dass der Einstieg gelingt und Perspektiven entstehen. Mit Temptraining unterst\u00fctzt die Filiale die Weiterentwicklung ihrer Kandidatinnen und Kandidaten in verschiedenen Bereichen. Im Bauumfeld werden gezielt Weiterbildungen wie Baumaschinen- oder Kranf\u00fchrerkurse gef\u00f6rdert, wenn Einsatz und Verl\u00e4sslichkeit stimmen. Weiterbildung wird als Entwicklungsschritt verstanden, der aus Helfern tragende Mitarbeitende macht.<\/p>\n\n\n\n<p>Eine weitere Geschichte zeigt, was Begleitung bedeuten kann. Ein Kandidat aus dem Ausland startete allein, seine Familie sollte sp\u00e4ter nachziehen. Die Filiale empfahl Geduld, unterst\u00fctzte den Einstieg als Schaler und blieb \u00fcber Monate hinweg in Kontakt. Heute lebt die Familie in der Region, beruflich wie privat stabil verankert. Aus einer Vermittlung wurde Vertrauen.<\/p>\n\n\n\n<h5 class=\"wp-block-heading\"><strong>Das Team hinter Flexsis Wohlen<\/strong><\/h5>\n\n\n\n<p>Flavio Monteiro, Branch Manager, f\u00fchrt die Filiale mit Erfahrung, Klarheit und L\u00f6sungsorientierung. Davide Pecora, Senior Recruiting Consultant und stellvertretender Business Unit Manager, begleitet tempor\u00e4re Mitarbeitende vom ersten Tag an eng. Raffaele Conidi \u00fcberzeugt als Senior Recruiting Consultant mit Klarheit und Abschlussst\u00e4rke. Mustafa Bagcisorgt als Recruiting Consultant mit Struktur und Tempo f\u00fcr die Besetzung offener Vakanzen. Karin Wenigmann h\u00e4lt in der HR-Administration im Hintergrund alle F\u00e4den zusammen und sorgt daf\u00fcr, dass Prozesse sauber laufen.<\/p>\n\n\n\n<p>Dass sich das Gesch\u00e4ft in Wohlen trotz wirtschaftlicher Schwankungen positiv entwickelt, ist das Ergebnis dieser Zusammenarbeit. Routine, Teamgeist und der Anspruch, Qualit\u00e4t zu liefern, pr\u00e4gen den Alltag.<\/p>\n\n\n\n<h5 class=\"wp-block-heading\"><strong>Pr\u00e4senz, die wirkt<\/strong><\/h5>\n\n\n\n<p>Die Arbeit von Flexsis Wohlen spielt sich nicht nur hinter dem Schreibtisch ab. Sie ist auf den Baustellen pr\u00e4sent, nah an Polieren und Entscheidern, schnell erreichbar und ruhig in der Abw\u00e4gung.<\/p>\n\n\n\n<p>Wer hier anruft, erh\u00e4lt nicht nur Personal, sondern Partner, die hinschauen, mitdenken und dranbleiben.<\/p>\n\n\n\n<p>Flexsis Wohlen: dort, wo Baukompetenz, Tempo und Verl\u00e4sslichkeit zusammenkommen.<\/p>\n\n\n\n<figure class=\"wp-block-image size-large\"><img loading=\"lazy\" decoding=\"async\" width=\"1024\" height=\"683\" src=\"https:\/\/www.flexsis.ch\/wp-content\/uploads\/2026\/04\/38-1024x683.png\" alt=\"\" class=\"wp-image-2492\" srcset=\"https:\/\/www.flexsis.ch\/wp-content\/uploads\/2026\/04\/38-1024x683.png 1024w, https:\/\/www.flexsis.ch\/wp-content\/uploads\/2026\/04\/38-300x200.png 300w, https:\/\/www.flexsis.ch\/wp-content\/uploads\/2026\/04\/38-768x512.png 768w, https:\/\/www.flexsis.ch\/wp-content\/uploads\/2026\/04\/38-1536x1024.png 1536w, https:\/\/www.flexsis.ch\/wp-content\/uploads\/2026\/04\/38-2048x1365.png 2048w\" sizes=\"auto, (max-width: 1024px) 100vw, 1024px\" \/><figcaption class=\"wp-element-caption\">Flavio Monteiro, Branch Manager<\/figcaption><\/figure>\n\n\n\n<figure class=\"wp-block-image size-large\"><img loading=\"lazy\" decoding=\"async\" width=\"1024\" height=\"683\" src=\"https:\/\/www.flexsis.ch\/wp-content\/uploads\/2026\/04\/39-1024x683.png\" alt=\"\" class=\"wp-image-2496\" srcset=\"https:\/\/www.flexsis.ch\/wp-content\/uploads\/2026\/04\/39-1024x683.png 1024w, https:\/\/www.flexsis.ch\/wp-content\/uploads\/2026\/04\/39-300x200.png 300w, https:\/\/www.flexsis.ch\/wp-content\/uploads\/2026\/04\/39-768x512.png 768w, https:\/\/www.flexsis.ch\/wp-content\/uploads\/2026\/04\/39-1536x1024.png 1536w, https:\/\/www.flexsis.ch\/wp-content\/uploads\/2026\/04\/39-2048x1365.png 2048w\" sizes=\"auto, (max-width: 1024px) 100vw, 1024px\" \/><figcaption class=\"wp-element-caption\">Davide Pecora, Senior Recruiting Consultant<\/figcaption><\/figure>\n\n\n\n<figure class=\"wp-block-image size-large\"><img loading=\"lazy\" decoding=\"async\" width=\"1024\" height=\"683\" src=\"https:\/\/www.flexsis.ch\/wp-content\/uploads\/2026\/04\/40-1024x683.png\" alt=\"\" class=\"wp-image-2500\" srcset=\"https:\/\/www.flexsis.ch\/wp-content\/uploads\/2026\/04\/40-1024x683.png 1024w, https:\/\/www.flexsis.ch\/wp-content\/uploads\/2026\/04\/40-300x200.png 300w, https:\/\/www.flexsis.ch\/wp-content\/uploads\/2026\/04\/40-768x512.png 768w, https:\/\/www.flexsis.ch\/wp-content\/uploads\/2026\/04\/40-1536x1024.png 1536w, https:\/\/www.flexsis.ch\/wp-content\/uploads\/2026\/04\/40-2048x1365.png 2048w\" sizes=\"auto, (max-width: 1024px) 100vw, 1024px\" \/><figcaption class=\"wp-element-caption\">Raffaele Conidi, Senior Recruiting Consultant<\/figcaption><\/figure>\n\n\n\n<figure class=\"wp-block-image size-large\"><img loading=\"lazy\" decoding=\"async\" width=\"1024\" height=\"683\" src=\"https:\/\/www.flexsis.ch\/wp-content\/uploads\/2026\/04\/41-1024x683.png\" alt=\"\" class=\"wp-image-2504\" srcset=\"https:\/\/www.flexsis.ch\/wp-content\/uploads\/2026\/04\/41-1024x683.png 1024w, https:\/\/www.flexsis.ch\/wp-content\/uploads\/2026\/04\/41-300x200.png 300w, https:\/\/www.flexsis.ch\/wp-content\/uploads\/2026\/04\/41-768x512.png 768w, https:\/\/www.flexsis.ch\/wp-content\/uploads\/2026\/04\/41-1536x1024.png 1536w, https:\/\/www.flexsis.ch\/wp-content\/uploads\/2026\/04\/41-2048x1365.png 2048w\" sizes=\"auto, (max-width: 1024px) 100vw, 1024px\" \/><figcaption class=\"wp-element-caption\">Karin Wenigmann, HR-Administration<\/figcaption><\/figure>\n","protected":false},"excerpt":{"rendered":"<p>Anfang 2024 ist die Flexsis-Filiale Wohlen an ihren heutigen, gr\u00f6sseren Standort umgezogen. Mehr Raum, n\u00e4her am Markt und besser vernetzt mit der regionalen Bauwirtschaft. Im Herzen des Freiamts, wo Bauprojekte das Tempo vorgeben, hat sich ein Team etabliert, das schnell handelt, sauber arbeitet und nah an den Menschen bleibt. Bau ist hier Alltag Der Schwerpunkt [&#8230;]<\/p>\n<p><a class=\"btn btn-secondary understrap-read-more-link\" href=\"https:\/\/www.flexsis.ch\/de\/flexsis-wohlen-baukompetenz-mit-bodenhaftung-und-tempo\/\">Weiterlesen&#8230;<span class=\"screen-reader-text\"> from Flexsis Wohlen: Baukompetenz im Takt des Marktes<\/span><\/a><\/p>\n","protected":false},"author":9,"featured_media":2488,"comment_status":"closed","ping_status":"open","sticky":false,"template":"","format":"standard","meta":{"_monsterinsights_skip_tracking":false,"_monsterinsights_sitenote_active":false,"_monsterinsights_sitenote_note":"","_monsterinsights_sitenote_category":0,"footnotes":""},"categories":[43],"tags":[],"class_list":["post-2486","post","type-post","status-publish","format-standard","has-post-thumbnail","hentry","category-blog"],"yoast_head":"<!-- This site is optimized with the Yoast SEO plugin v26.9 - https:\/\/yoast.com\/product\/yoast-seo-wordpress\/ -->\n<title>Flexsis<\/title>\n<meta name=\"description\" content=\"Anfang 2024 ist die Flexsis-Filiale Wohlen an ihren heutigen, gr\u00f6sseren Standort umgezogen. Mehr Raum, n\u00e4her am Markt und besser vernetzt mit der regionalen Bauwirtschaft. Im Herzen des Freiamts, wo Bauprojekte das Tempo vorgeben, hat sich ein Team etabliert, das schnell handelt, sauber arbeitet und nah an den Menschen bleibt.\" \/>\n<meta name=\"robots\" content=\"index, follow, max-snippet:-1, max-image-preview:large, max-video-preview:-1\" \/>\n<link rel=\"canonical\" href=\"https:\/\/www.flexsis.ch\/de\/flexsis-wohlen-baukompetenz-mit-bodenhaftung-und-tempo\/\" \/>\n<meta property=\"og:locale\" content=\"de_DE\" \/>\n<meta property=\"og:type\" content=\"article\" \/>\n<meta property=\"og:title\" content=\"Flexsis Wohlen: Baukompetenz im Takt des Marktes - Flexsis\" \/>\n<meta property=\"og:description\" content=\"Anfang 2024 ist die Flexsis-Filiale Wohlen an ihren heutigen, gr\u00f6sseren Standort umgezogen. Mehr Raum, n\u00e4her am Markt und besser vernetzt mit der regionalen Bauwirtschaft. Im Herzen des Freiamts, wo Bauprojekte das Tempo vorgeben, hat sich ein Team etabliert, das schnell handelt, sauber arbeitet und nah an den Menschen bleibt.\" \/>\n<meta property=\"og:url\" content=\"https:\/\/www.flexsis.ch\/de\/flexsis-wohlen-baukompetenz-mit-bodenhaftung-und-tempo\/\" \/>\n<meta property=\"og:site_name\" content=\"Flexsis\" \/>\n<meta property=\"article:published_time\" content=\"2026-04-21T12:00:00+00:00\" \/>\n<meta property=\"article:modified_time\" content=\"2026-04-21T13:57:55+00:00\" \/>\n<meta property=\"og:image\" content=\"https:\/\/www.flexsis.ch\/wp-content\/uploads\/2026\/04\/64722_FLEXSIS_TEAM_WOHLEN_V1-1024x576.png\" \/>\n\t<meta property=\"og:image:width\" content=\"1024\" \/>\n\t<meta property=\"og:image:height\" content=\"576\" \/>\n\t<meta property=\"og:image:type\" content=\"image\/png\" \/>\n<meta name=\"author\" content=\"Marketing\" \/>\n<meta name=\"twitter:card\" content=\"summary_large_image\" \/>\n<meta name=\"twitter:label1\" content=\"Verfasst von\" \/>\n\t<meta name=\"twitter:data1\" content=\"Marketing\" \/>\n\t<meta name=\"twitter:label2\" content=\"Gesch\u00e4tzte Lesezeit\" \/>\n\t<meta name=\"twitter:data2\" content=\"5\u00a0Minuten\" \/>\n<script type=\"application\/ld+json\" class=\"yoast-schema-graph\">{\"@context\":\"https:\/\/schema.org\",\"@graph\":[{\"@type\":\"Article\",\"@id\":\"https:\/\/www.flexsis.ch\/de\/flexsis-wohlen-baukompetenz-mit-bodenhaftung-und-tempo\/#article\",\"isPartOf\":{\"@id\":\"https:\/\/www.flexsis.ch\/de\/flexsis-wohlen-baukompetenz-mit-bodenhaftung-und-tempo\/\"},\"author\":{\"name\":\"Marketing\",\"@id\":\"https:\/\/www.flexsis.ch\/de\/#\/schema\/person\/1dfa8c391bdaadc11874cd92abff18be\"},\"headline\":\"Flexsis Wohlen: Baukompetenz im Takt des Marktes\",\"datePublished\":\"2026-04-21T12:00:00+00:00\",\"dateModified\":\"2026-04-21T13:57:55+00:00\",\"mainEntityOfPage\":{\"@id\":\"https:\/\/www.flexsis.ch\/de\/flexsis-wohlen-baukompetenz-mit-bodenhaftung-und-tempo\/\"},\"wordCount\":849,\"publisher\":{\"@id\":\"https:\/\/www.flexsis.ch\/de\/#organization\"},\"image\":{\"@id\":\"https:\/\/www.flexsis.ch\/de\/flexsis-wohlen-baukompetenz-mit-bodenhaftung-und-tempo\/#primaryimage\"},\"thumbnailUrl\":\"https:\/\/www.flexsis.ch\/wp-content\/uploads\/2026\/04\/64722_FLEXSIS_TEAM_WOHLEN_V1.png\",\"articleSection\":[\"Blog\"],\"inLanguage\":\"de\"},{\"@type\":\"WebPage\",\"@id\":\"https:\/\/www.flexsis.ch\/de\/flexsis-wohlen-baukompetenz-mit-bodenhaftung-und-tempo\/\",\"url\":\"https:\/\/www.flexsis.ch\/de\/flexsis-wohlen-baukompetenz-mit-bodenhaftung-und-tempo\/\",\"name\":\"Flexsis Wohlen: Baukompetenz im Takt des Marktes - Flexsis\",\"isPartOf\":{\"@id\":\"https:\/\/www.flexsis.ch\/de\/#website\"},\"primaryImageOfPage\":{\"@id\":\"https:\/\/www.flexsis.ch\/de\/flexsis-wohlen-baukompetenz-mit-bodenhaftung-und-tempo\/#primaryimage\"},\"image\":{\"@id\":\"https:\/\/www.flexsis.ch\/de\/flexsis-wohlen-baukompetenz-mit-bodenhaftung-und-tempo\/#primaryimage\"},\"thumbnailUrl\":\"https:\/\/www.flexsis.ch\/wp-content\/uploads\/2026\/04\/64722_FLEXSIS_TEAM_WOHLEN_V1.png\",\"datePublished\":\"2026-04-21T12:00:00+00:00\",\"dateModified\":\"2026-04-21T13:57:55+00:00\",\"description\":\"Anfang 2024 ist die Flexsis-Filiale Wohlen an ihren heutigen, gr\u00f6sseren Standort umgezogen. Mehr Raum, n\u00e4her am Markt und besser vernetzt mit der regionalen Bauwirtschaft. Im Herzen des Freiamts, wo Bauprojekte das Tempo vorgeben, hat sich ein Team etabliert, das schnell handelt, sauber arbeitet und nah an den Menschen bleibt.\",\"breadcrumb\":{\"@id\":\"https:\/\/www.flexsis.ch\/de\/flexsis-wohlen-baukompetenz-mit-bodenhaftung-und-tempo\/#breadcrumb\"},\"inLanguage\":\"de\",\"potentialAction\":[{\"@type\":\"ReadAction\",\"target\":[\"https:\/\/www.flexsis.ch\/de\/flexsis-wohlen-baukompetenz-mit-bodenhaftung-und-tempo\/\"]}]},{\"@type\":\"ImageObject\",\"inLanguage\":\"de\",\"@id\":\"https:\/\/www.flexsis.ch\/de\/flexsis-wohlen-baukompetenz-mit-bodenhaftung-und-tempo\/#primaryimage\",\"url\":\"https:\/\/www.flexsis.ch\/wp-content\/uploads\/2026\/04\/64722_FLEXSIS_TEAM_WOHLEN_V1.png\",\"contentUrl\":\"https:\/\/www.flexsis.ch\/wp-content\/uploads\/2026\/04\/64722_FLEXSIS_TEAM_WOHLEN_V1.png\",\"width\":1920,\"height\":1080},{\"@type\":\"BreadcrumbList\",\"@id\":\"https:\/\/www.flexsis.ch\/de\/flexsis-wohlen-baukompetenz-mit-bodenhaftung-und-tempo\/#breadcrumb\",\"itemListElement\":[{\"@type\":\"ListItem\",\"position\":1,\"name\":\"Accueil\",\"item\":\"https:\/\/www.flexsis.ch\/de\/\"},{\"@type\":\"ListItem\",\"position\":2,\"name\":\"Flexsis Wohlen: Baukompetenz im Takt des Marktes\"}]},{\"@type\":\"WebSite\",\"@id\":\"https:\/\/www.flexsis.ch\/de\/#website\",\"url\":\"https:\/\/www.flexsis.ch\/de\/\",\"name\":\"Flexsis\",\"description\":\"Personalrekrutierung- und vermittlung, fest und tempor\u00e4r\",\"publisher\":{\"@id\":\"https:\/\/www.flexsis.ch\/de\/#organization\"},\"potentialAction\":[{\"@type\":\"SearchAction\",\"target\":{\"@type\":\"EntryPoint\",\"urlTemplate\":\"https:\/\/www.flexsis.ch\/de\/?s={search_term_string}\"},\"query-input\":{\"@type\":\"PropertyValueSpecification\",\"valueRequired\":true,\"valueName\":\"search_term_string\"}}],\"inLanguage\":\"de\"},{\"@type\":\"Organization\",\"@id\":\"https:\/\/www.flexsis.ch\/de\/#organization\",\"name\":\"Flexsis\",\"url\":\"https:\/\/www.flexsis.ch\/de\/\",\"logo\":{\"@type\":\"ImageObject\",\"inLanguage\":\"de\",\"@id\":\"https:\/\/www.flexsis.ch\/de\/#\/schema\/logo\/image\/\",\"url\":\"https:\/\/www.flexsis.ch\/wp-content\/uploads\/2024\/02\/flexsis_696x696.jpg\",\"contentUrl\":\"https:\/\/www.flexsis.ch\/wp-content\/uploads\/2024\/02\/flexsis_696x696.jpg\",\"width\":696,\"height\":696,\"caption\":\"Flexsis\"},\"image\":{\"@id\":\"https:\/\/www.flexsis.ch\/de\/#\/schema\/logo\/image\/\"}},{\"@type\":\"Person\",\"@id\":\"https:\/\/www.flexsis.ch\/de\/#\/schema\/person\/1dfa8c391bdaadc11874cd92abff18be\",\"name\":\"Marketing\",\"url\":\"https:\/\/www.flexsis.ch\/de\/author\/teammarketing\/\"}]}<\/script>\n<!-- \/ Yoast SEO plugin. -->","yoast_head_json":{"title":"Flexsis","description":"Anfang 2024 ist die Flexsis-Filiale Wohlen an ihren heutigen, gr\u00f6sseren Standort umgezogen. Mehr Raum, n\u00e4her am Markt und besser vernetzt mit der regionalen Bauwirtschaft. Im Herzen des Freiamts, wo Bauprojekte das Tempo vorgeben, hat sich ein Team etabliert, das schnell handelt, sauber arbeitet und nah an den Menschen bleibt.","robots":{"index":"index","follow":"follow","max-snippet":"max-snippet:-1","max-image-preview":"max-image-preview:large","max-video-preview":"max-video-preview:-1"},"canonical":"https:\/\/www.flexsis.ch\/de\/flexsis-wohlen-baukompetenz-mit-bodenhaftung-und-tempo\/","og_locale":"de_DE","og_type":"article","og_title":"Flexsis Wohlen: Baukompetenz im Takt des Marktes - Flexsis","og_description":"Anfang 2024 ist die Flexsis-Filiale Wohlen an ihren heutigen, gr\u00f6sseren Standort umgezogen. Mehr Raum, n\u00e4her am Markt und besser vernetzt mit der regionalen Bauwirtschaft. Im Herzen des Freiamts, wo Bauprojekte das Tempo vorgeben, hat sich ein Team etabliert, das schnell handelt, sauber arbeitet und nah an den Menschen bleibt.","og_url":"https:\/\/www.flexsis.ch\/de\/flexsis-wohlen-baukompetenz-mit-bodenhaftung-und-tempo\/","og_site_name":"Flexsis","article_published_time":"2026-04-21T12:00:00+00:00","article_modified_time":"2026-04-21T13:57:55+00:00","og_image":[{"width":1024,"height":576,"url":"https:\/\/www.flexsis.ch\/wp-content\/uploads\/2026\/04\/64722_FLEXSIS_TEAM_WOHLEN_V1-1024x576.png","type":"image\/png"}],"author":"Marketing","twitter_card":"summary_large_image","twitter_misc":{"Verfasst von":"Marketing","Gesch\u00e4tzte Lesezeit":"5\u00a0Minuten"},"schema":{"@context":"https:\/\/schema.org","@graph":[{"@type":"Article","@id":"https:\/\/www.flexsis.ch\/de\/flexsis-wohlen-baukompetenz-mit-bodenhaftung-und-tempo\/#article","isPartOf":{"@id":"https:\/\/www.flexsis.ch\/de\/flexsis-wohlen-baukompetenz-mit-bodenhaftung-und-tempo\/"},"author":{"name":"Marketing","@id":"https:\/\/www.flexsis.ch\/de\/#\/schema\/person\/1dfa8c391bdaadc11874cd92abff18be"},"headline":"Flexsis Wohlen: Baukompetenz im Takt des Marktes","datePublished":"2026-04-21T12:00:00+00:00","dateModified":"2026-04-21T13:57:55+00:00","mainEntityOfPage":{"@id":"https:\/\/www.flexsis.ch\/de\/flexsis-wohlen-baukompetenz-mit-bodenhaftung-und-tempo\/"},"wordCount":849,"publisher":{"@id":"https:\/\/www.flexsis.ch\/de\/#organization"},"image":{"@id":"https:\/\/www.flexsis.ch\/de\/flexsis-wohlen-baukompetenz-mit-bodenhaftung-und-tempo\/#primaryimage"},"thumbnailUrl":"https:\/\/www.flexsis.ch\/wp-content\/uploads\/2026\/04\/64722_FLEXSIS_TEAM_WOHLEN_V1.png","articleSection":["Blog"],"inLanguage":"de"},{"@type":"WebPage","@id":"https:\/\/www.flexsis.ch\/de\/flexsis-wohlen-baukompetenz-mit-bodenhaftung-und-tempo\/","url":"https:\/\/www.flexsis.ch\/de\/flexsis-wohlen-baukompetenz-mit-bodenhaftung-und-tempo\/","name":"Flexsis Wohlen: Baukompetenz im Takt des Marktes - Flexsis","isPartOf":{"@id":"https:\/\/www.flexsis.ch\/de\/#website"},"primaryImageOfPage":{"@id":"https:\/\/www.flexsis.ch\/de\/flexsis-wohlen-baukompetenz-mit-bodenhaftung-und-tempo\/#primaryimage"},"image":{"@id":"https:\/\/www.flexsis.ch\/de\/flexsis-wohlen-baukompetenz-mit-bodenhaftung-und-tempo\/#primaryimage"},"thumbnailUrl":"https:\/\/www.flexsis.ch\/wp-content\/uploads\/2026\/04\/64722_FLEXSIS_TEAM_WOHLEN_V1.png","datePublished":"2026-04-21T12:00:00+00:00","dateModified":"2026-04-21T13:57:55+00:00","description":"Anfang 2024 ist die Flexsis-Filiale Wohlen an ihren heutigen, gr\u00f6sseren Standort umgezogen. Mehr Raum, n\u00e4her am Markt und besser vernetzt mit der regionalen Bauwirtschaft. Im Herzen des Freiamts, wo Bauprojekte das Tempo vorgeben, hat sich ein Team etabliert, das schnell handelt, sauber arbeitet und nah an den Menschen bleibt.","breadcrumb":{"@id":"https:\/\/www.flexsis.ch\/de\/flexsis-wohlen-baukompetenz-mit-bodenhaftung-und-tempo\/#breadcrumb"},"inLanguage":"de","potentialAction":[{"@type":"ReadAction","target":["https:\/\/www.flexsis.ch\/de\/flexsis-wohlen-baukompetenz-mit-bodenhaftung-und-tempo\/"]}]},{"@type":"ImageObject","inLanguage":"de","@id":"https:\/\/www.flexsis.ch\/de\/flexsis-wohlen-baukompetenz-mit-bodenhaftung-und-tempo\/#primaryimage","url":"https:\/\/www.flexsis.ch\/wp-content\/uploads\/2026\/04\/64722_FLEXSIS_TEAM_WOHLEN_V1.png","contentUrl":"https:\/\/www.flexsis.ch\/wp-content\/uploads\/2026\/04\/64722_FLEXSIS_TEAM_WOHLEN_V1.png","width":1920,"height":1080},{"@type":"BreadcrumbList","@id":"https:\/\/www.flexsis.ch\/de\/flexsis-wohlen-baukompetenz-mit-bodenhaftung-und-tempo\/#breadcrumb","itemListElement":[{"@type":"ListItem","position":1,"name":"Accueil","item":"https:\/\/www.flexsis.ch\/de\/"},{"@type":"ListItem","position":2,"name":"Flexsis Wohlen: Baukompetenz im Takt des Marktes"}]},{"@type":"WebSite","@id":"https:\/\/www.flexsis.ch\/de\/#website","url":"https:\/\/www.flexsis.ch\/de\/","name":"Flexsis","description":"Personalrekrutierung- und vermittlung, fest und tempor\u00e4r","publisher":{"@id":"https:\/\/www.flexsis.ch\/de\/#organization"},"potentialAction":[{"@type":"SearchAction","target":{"@type":"EntryPoint","urlTemplate":"https:\/\/www.flexsis.ch\/de\/?s={search_term_string}"},"query-input":{"@type":"PropertyValueSpecification","valueRequired":true,"valueName":"search_term_string"}}],"inLanguage":"de"},{"@type":"Organization","@id":"https:\/\/www.flexsis.ch\/de\/#organization","name":"Flexsis","url":"https:\/\/www.flexsis.ch\/de\/","logo":{"@type":"ImageObject","inLanguage":"de","@id":"https:\/\/www.flexsis.ch\/de\/#\/schema\/logo\/image\/","url":"https:\/\/www.flexsis.ch\/wp-content\/uploads\/2024\/02\/flexsis_696x696.jpg","contentUrl":"https:\/\/www.flexsis.ch\/wp-content\/uploads\/2024\/02\/flexsis_696x696.jpg","width":696,"height":696,"caption":"Flexsis"},"image":{"@id":"https:\/\/www.flexsis.ch\/de\/#\/schema\/logo\/image\/"}},{"@type":"Person","@id":"https:\/\/www.flexsis.ch\/de\/#\/schema\/person\/1dfa8c391bdaadc11874cd92abff18be","name":"Marketing","url":"https:\/\/www.flexsis.ch\/de\/author\/teammarketing\/"}]}},"_links":{"self":[{"href":"https:\/\/www.flexsis.ch\/de\/wp-json\/wp\/v2\/posts\/2486","targetHints":{"allow":["GET"]}}],"collection":[{"href":"https:\/\/www.flexsis.ch\/de\/wp-json\/wp\/v2\/posts"}],"about":[{"href":"https:\/\/www.flexsis.ch\/de\/wp-json\/wp\/v2\/types\/post"}],"author":[{"embeddable":true,"href":"https:\/\/www.flexsis.ch\/de\/wp-json\/wp\/v2\/users\/9"}],"replies":[{"embeddable":true,"href":"https:\/\/www.flexsis.ch\/de\/wp-json\/wp\/v2\/comments?post=2486"}],"version-history":[{"count":5,"href":"https:\/\/www.flexsis.ch\/de\/wp-json\/wp\/v2\/posts\/2486\/revisions"}],"predecessor-version":[{"id":2515,"href":"https:\/\/www.flexsis.ch\/de\/wp-json\/wp\/v2\/posts\/2486\/revisions\/2515"}],"wp:featuredmedia":[{"embeddable":true,"href":"https:\/\/www.flexsis.ch\/de\/wp-json\/wp\/v2\/media\/2488"}],"wp:attachment":[{"href":"https:\/\/www.flexsis.ch\/de\/wp-json\/wp\/v2\/media?parent=2486"}],"wp:term":[{"taxonomy":"category","embeddable":true,"href":"https:\/\/www.flexsis.ch\/de\/wp-json\/wp\/v2\/categories?post=2486"},{"taxonomy":"post_tag","embeddable":true,"href":"https:\/\/www.flexsis.ch\/de\/wp-json\/wp\/v2\/tags?post=2486"}],"curies":[{"name":"wp","href":"https:\/\/api.w.org\/{rel}","templated":true}]}}