{"id":2540,"date":"2026-04-27T15:58:16","date_gmt":"2026-04-27T13:58:16","guid":{"rendered":"https:\/\/www.flexsis.ch\/?p=2540"},"modified":"2026-04-27T16:12:23","modified_gmt":"2026-04-27T14:12:23","slug":"flexsis-lausanne-batiment-eine-agentur-die-fest-in-der-praxis-verwurzelt-ist","status":"publish","type":"post","link":"https:\/\/www.flexsis.ch\/de\/flexsis-lausanne-batiment-eine-agentur-die-fest-in-der-praxis-verwurzelt-ist\/","title":{"rendered":"Flexsis Lausanne B\u00e2timent: eine Agentur, die fest in der Praxis verwurzelt ist"},"content":{"rendered":"\n<h3 class=\"wp-block-heading\">Ein herzlicher Empfang, ein engagiertes Team und echte Fachkenntnisse: All dies zeichnet die Agentur Flexsis Lausanne B\u00e2timent aus.<\/h3>\n\n\n\n<p>Die auf die Baubranche \u2013 Rohbau, Ausbau und Elektrik \u2013 spezialisierte Agentur betreut t\u00e4glich Kandidatinnen und Kandidaten sowie Unternehmen mit einem Ansatz, der auf Fachkenntnis, N\u00e4he und Vertrauen basiert.<\/p>\n\n\n\n<p>Sie agiert in einem anspruchsvollen Umfeld, das durch die st\u00e4ndige Suche nach qualifizierten, mobilen und sofort einsatzbereiten Mitarbeitenden gepr\u00e4gt ist. Hinter jeder Mission stehen vor allem Menschen, Lebenswege und ganz individuelle Erwartungen. Auf dieser Grundlage gestaltet das Team seine t\u00e4gliche Begleitung.<\/p>\n\n\n\n<h3 class=\"wp-block-heading\">Ein praxisorientierter Ansatz<\/h3>\n\n\n\n<p>Die Vermittlungsarbeit beginnt immer mit einem pers\u00f6nlichen Gespr\u00e4ch. Unabh\u00e4ngig davon, ob sie sich online bewerben oder direkt in der Agentur vorbeikommen, werden die Kandidatinnen und Kandidaten gebeten, sich Zeit f\u00fcr ein pers\u00f6nliches Gespr\u00e4ch zu nehmen \u2013 ein wichtiger Schritt bei jeder Betreuung.<\/p>\n\n\n\n<p>\u00ab[\u2026] <em>Bevor wir jemanden vermitteln, versuchen wir immer, ein pers\u00f6nliches Gespr\u00e4ch zu f\u00fchren. So lernen wir die Person wirklich kennen, stellen die richtigen Fragen \u2013 und lassen ihr vor allem Raum, ihre eigenen Fragen zu stellen \u2013, damit sie unter guten Voraussetzungen starten kann<\/em>\u00bb, erkl\u00e4rt Alexandre Da Silva, Leiter der Agentur. Dieser erste Kontakt erm\u00f6glicht es, den Werdegang, die Erwartungen und die Ziele jedes Einzelnen besser zu verstehen. Es schafft die Grundlage f\u00fcr eine Beziehung, die auf Vertrauen und Transparenz beruht \u2013 den wesentlichen S\u00e4ulen der Zusammenarbeit zwischen Flexsis, den Kandidatinnen und Kandidaten sowie den Partnerunternehmen.<\/p>\n\n\n\n<h3 class=\"wp-block-heading\">Begleitung vor, w\u00e4hrend und nach der Mission<\/h3>\n\n\n\n<p>Unsere Begleitung endet nicht mit der Vertragsunterzeichnung. W\u00e4hrend der gesamten Mission werden die Mitarbeitenden kontinuierlich betreut, insbesondere in administrativen Belangen.<\/p>\n\n\n\n<p>\u00ab<em>Unsere t\u00e4gliche Mission besteht darin, die Mitarbeitenden von ihrer Anmeldung bei Flexsis \u00fcber den Beginn ihrer Mission bis hin zu ihrer gesamten Zeit bei uns zu begleiten<\/em>\u00bb, erkl\u00e4rt Joanne Maillard, Verwaltungsassistentin der Agentur. Viele Mitarbeitende kommen aus dem Ausland und lernen ein neues berufliches und administratives Umfeld kennen. Das Team bietet ihnen dann eine umfassende Begleitung an, insbesondere bei Arbeitsgenehmigungen und Kindergeld, aber auch bei der Suche nach einer Wohnung oder einer Mobilit\u00e4tsl\u00f6sung.<\/p>\n\n\n\n<p>Joanne erkl\u00e4rt uns, dass die Arbeitssuche ein Weg voller Hindernisse sein kann; deshalb ist die Agentur in erster Linie ein Ort des offenen Austauschs, an dem Zuh\u00f6ren und Begleitung Vorrang vor rein administrativen Aufgaben haben.<\/p>\n\n\n\n<h3 class=\"wp-block-heading\">Branchenexpertise im Dienste der Unternehmen<\/h3>\n\n\n\n<p>Im Unternehmensbereich zeichnet sich die Agentur durch fundierte Praxiserfahrung aus. Marcelo Almeida, Consultant und gelernter Elektriker, betont, wie wichtig dieses Fachwissen ist:<\/p>\n\n\n\n<p>\u00abWenn ich zu einem Kunden gehe, verstehe ich sofort seine Bed\u00fcrfnisse, die baulichen Gegebenheiten und die Fachbegriffe. Dank dieser Branchenkenntnis k\u00f6nnen wir wirklich passende Profile anbieten.\u00bb Dank seiner praktischen Erfahrung versteht er schnell die Gegebenheiten auf der Baustelle und die technischen Anforderungen der Kunden.<\/p>\n\n\n\n<p>Bevor wir ein Angebot unterbreiten, f\u00fchren wir gr\u00fcndliche Vorarbeiten durch, zu denen insbesondere die Einholung von Referenzen geh\u00f6rt. Um Risiken zu minimieren und ein transparentes Vorgehen zu erm\u00f6glichen, kann auch ein erster Testtag organisiert werden. \u00abSollte dieser Tag ohne Ergebnis bleiben, wird er nicht in Rechnung gestellt. Das ist f\u00fcr den Kunden v\u00f6llig unverbindlich und nimmt jeglichen Druck\u00bb, erkl\u00e4rt Alexandre Da Silva.<\/p>\n\n\n\n<figure class=\"wp-block-embed is-provider-youtube wp-block-embed-youtube\"><div class=\"wp-block-embed__wrapper\">\n<iframe loading=\"lazy\" title=\"Flexsis Lausanne B\u00e2timent : Une expertise m\u00e9tier au service des entreprises\" width=\"640\" height=\"360\" src=\"https:\/\/www.youtube.com\/embed\/T9A9ie1ybCQ?feature=oembed\" frameborder=\"0\" allow=\"accelerometer; autoplay; clipboard-write; encrypted-media; gyroscope; picture-in-picture; web-share\" referrerpolicy=\"strict-origin-when-cross-origin\" allowfullscreen><\/iframe>\n<\/div><\/figure>\n\n\n\n<h3 class=\"wp-block-heading\">Transparenz, Vertrauen und Engagement<\/h3>\n\n\n\n<p>Das junge und dynamische Team von Flexsis Lausanne B\u00e2timent liebt Herausforderungen und engagiert sich voll und ganz an der Seite seiner Partner. Das Team verk\u00f6rpert eine Rekrutierungsvision, die anspruchsvoll, positiv und von tiefem Engagement gepr\u00e4gt ist. F\u00fcr das Team beruht eine erfolgreiche Zusammenarbeit vor allem auf einem Vertrauensverh\u00e4ltnis, einer klaren Kommunikation und gegenseitiger Transparenz. Wenn diese Faktoren zusammenkommen, kommen Projekte auf nat\u00fcrliche und effiziente Weise voran \u2013 zum Vorteil sowohl der Unternehmen als auch der Mitarbeitenden. <strong>Ein aufrichtiger und engagierter Ansatz, getragen von einem motivierten Team, macht Flexsis Lausanne B\u00e2timent zu einem Partner, auf den man sich Tag f\u00fcr Tag verlassen kann.<\/strong><\/p>\n","protected":false},"excerpt":{"rendered":"<p>Ein herzlicher Empfang, ein engagiertes Team und echte Fachkenntnisse: All dies zeichnet die Agentur Flexsis Lausanne B\u00e2timent aus. Die auf die Baubranche \u2013 Rohbau, Ausbau und Elektrik \u2013 spezialisierte Agentur betreut t\u00e4glich Kandidatinnen und Kandidaten sowie Unternehmen mit einem Ansatz, der auf Fachkenntnis, N\u00e4he und Vertrauen basiert. Sie agiert in einem anspruchsvollen Umfeld, das durch [&#8230;]<\/p>\n<p><a class=\"btn btn-secondary understrap-read-more-link\" href=\"https:\/\/www.flexsis.ch\/de\/flexsis-lausanne-batiment-eine-agentur-die-fest-in-der-praxis-verwurzelt-ist\/\">Weiterlesen&#8230;<span class=\"screen-reader-text\"> from Flexsis Lausanne B\u00e2timent: eine Agentur, die fest in der Praxis verwurzelt ist<\/span><\/a><\/p>\n","protected":false},"author":9,"featured_media":2526,"comment_status":"closed","ping_status":"open","sticky":false,"template":"","format":"standard","meta":{"_monsterinsights_skip_tracking":false,"_monsterinsights_sitenote_active":false,"_monsterinsights_sitenote_note":"","_monsterinsights_sitenote_category":0,"footnotes":""},"categories":[43],"tags":[],"class_list":["post-2540","post","type-post","status-publish","format-standard","has-post-thumbnail","hentry","category-blog"],"yoast_head":"<!-- This site is optimized with the Yoast SEO plugin v26.9 - https:\/\/yoast.com\/product\/yoast-seo-wordpress\/ -->\n<title>Flexsis<\/title>\n<meta name=\"robots\" content=\"index, follow, max-snippet:-1, max-image-preview:large, max-video-preview:-1\" \/>\n<link rel=\"canonical\" href=\"https:\/\/www.flexsis.ch\/de\/flexsis-lausanne-batiment-eine-agentur-die-fest-in-der-praxis-verwurzelt-ist\/\" \/>\n<meta property=\"og:locale\" content=\"de_DE\" \/>\n<meta property=\"og:type\" content=\"article\" \/>\n<meta property=\"og:title\" content=\"Flexsis Lausanne B\u00e2timent: eine Agentur, die fest in der Praxis verwurzelt ist - Flexsis\" \/>\n<meta property=\"og:description\" content=\"Ein herzlicher Empfang, ein engagiertes Team und echte Fachkenntnisse: All dies zeichnet die Agentur Flexsis Lausanne B\u00e2timent aus. Die auf die Baubranche \u2013 Rohbau, Ausbau und Elektrik \u2013 spezialisierte Agentur betreut t\u00e4glich Kandidatinnen und Kandidaten sowie Unternehmen mit einem Ansatz, der auf Fachkenntnis, N\u00e4he und Vertrauen basiert. Sie agiert in einem anspruchsvollen Umfeld, das durch [...]Weiterlesen... from Flexsis Lausanne B\u00e2timent: eine Agentur, die fest in der Praxis verwurzelt ist\" \/>\n<meta property=\"og:url\" content=\"https:\/\/www.flexsis.ch\/de\/flexsis-lausanne-batiment-eine-agentur-die-fest-in-der-praxis-verwurzelt-ist\/\" \/>\n<meta property=\"og:site_name\" content=\"Flexsis\" \/>\n<meta property=\"article:published_time\" content=\"2026-04-27T13:58:16+00:00\" \/>\n<meta property=\"article:modified_time\" content=\"2026-04-27T14:12:23+00:00\" \/>\n<meta property=\"og:image\" content=\"https:\/\/www.flexsis.ch\/wp-content\/uploads\/2026\/04\/9N0A0074-scaled.jpg\" \/>\n\t<meta property=\"og:image:width\" content=\"2560\" \/>\n\t<meta property=\"og:image:height\" content=\"1707\" \/>\n\t<meta property=\"og:image:type\" content=\"image\/jpeg\" \/>\n<meta name=\"author\" content=\"Marketing\" \/>\n<meta name=\"twitter:card\" content=\"summary_large_image\" \/>\n<meta name=\"twitter:label1\" content=\"Verfasst von\" \/>\n\t<meta name=\"twitter:data1\" content=\"Marketing\" \/>\n\t<meta name=\"twitter:label2\" content=\"Gesch\u00e4tzte Lesezeit\" \/>\n\t<meta name=\"twitter:data2\" content=\"4\u00a0Minuten\" \/>\n<script type=\"application\/ld+json\" class=\"yoast-schema-graph\">{\"@context\":\"https:\/\/schema.org\",\"@graph\":[{\"@type\":\"Article\",\"@id\":\"https:\/\/www.flexsis.ch\/de\/flexsis-lausanne-batiment-eine-agentur-die-fest-in-der-praxis-verwurzelt-ist\/#article\",\"isPartOf\":{\"@id\":\"https:\/\/www.flexsis.ch\/de\/flexsis-lausanne-batiment-eine-agentur-die-fest-in-der-praxis-verwurzelt-ist\/\"},\"author\":{\"name\":\"Marketing\",\"@id\":\"https:\/\/www.flexsis.ch\/de\/#\/schema\/person\/1dfa8c391bdaadc11874cd92abff18be\"},\"headline\":\"Flexsis Lausanne B\u00e2timent: eine Agentur, die fest in der Praxis verwurzelt ist\",\"datePublished\":\"2026-04-27T13:58:16+00:00\",\"dateModified\":\"2026-04-27T14:12:23+00:00\",\"mainEntityOfPage\":{\"@id\":\"https:\/\/www.flexsis.ch\/de\/flexsis-lausanne-batiment-eine-agentur-die-fest-in-der-praxis-verwurzelt-ist\/\"},\"wordCount\":662,\"publisher\":{\"@id\":\"https:\/\/www.flexsis.ch\/de\/#organization\"},\"image\":{\"@id\":\"https:\/\/www.flexsis.ch\/de\/flexsis-lausanne-batiment-eine-agentur-die-fest-in-der-praxis-verwurzelt-ist\/#primaryimage\"},\"thumbnailUrl\":\"https:\/\/www.flexsis.ch\/wp-content\/uploads\/2026\/04\/9N0A0074-scaled.jpg\",\"articleSection\":[\"Blog\"],\"inLanguage\":\"de\"},{\"@type\":\"WebPage\",\"@id\":\"https:\/\/www.flexsis.ch\/de\/flexsis-lausanne-batiment-eine-agentur-die-fest-in-der-praxis-verwurzelt-ist\/\",\"url\":\"https:\/\/www.flexsis.ch\/de\/flexsis-lausanne-batiment-eine-agentur-die-fest-in-der-praxis-verwurzelt-ist\/\",\"name\":\"Flexsis Lausanne B\u00e2timent: eine Agentur, die fest in der Praxis verwurzelt ist - Flexsis\",\"isPartOf\":{\"@id\":\"https:\/\/www.flexsis.ch\/de\/#website\"},\"primaryImageOfPage\":{\"@id\":\"https:\/\/www.flexsis.ch\/de\/flexsis-lausanne-batiment-eine-agentur-die-fest-in-der-praxis-verwurzelt-ist\/#primaryimage\"},\"image\":{\"@id\":\"https:\/\/www.flexsis.ch\/de\/flexsis-lausanne-batiment-eine-agentur-die-fest-in-der-praxis-verwurzelt-ist\/#primaryimage\"},\"thumbnailUrl\":\"https:\/\/www.flexsis.ch\/wp-content\/uploads\/2026\/04\/9N0A0074-scaled.jpg\",\"datePublished\":\"2026-04-27T13:58:16+00:00\",\"dateModified\":\"2026-04-27T14:12:23+00:00\",\"breadcrumb\":{\"@id\":\"https:\/\/www.flexsis.ch\/de\/flexsis-lausanne-batiment-eine-agentur-die-fest-in-der-praxis-verwurzelt-ist\/#breadcrumb\"},\"inLanguage\":\"de\",\"potentialAction\":[{\"@type\":\"ReadAction\",\"target\":[\"https:\/\/www.flexsis.ch\/de\/flexsis-lausanne-batiment-eine-agentur-die-fest-in-der-praxis-verwurzelt-ist\/\"]}]},{\"@type\":\"ImageObject\",\"inLanguage\":\"de\",\"@id\":\"https:\/\/www.flexsis.ch\/de\/flexsis-lausanne-batiment-eine-agentur-die-fest-in-der-praxis-verwurzelt-ist\/#primaryimage\",\"url\":\"https:\/\/www.flexsis.ch\/wp-content\/uploads\/2026\/04\/9N0A0074-scaled.jpg\",\"contentUrl\":\"https:\/\/www.flexsis.ch\/wp-content\/uploads\/2026\/04\/9N0A0074-scaled.jpg\",\"width\":2560,\"height\":1707},{\"@type\":\"BreadcrumbList\",\"@id\":\"https:\/\/www.flexsis.ch\/de\/flexsis-lausanne-batiment-eine-agentur-die-fest-in-der-praxis-verwurzelt-ist\/#breadcrumb\",\"itemListElement\":[{\"@type\":\"ListItem\",\"position\":1,\"name\":\"Accueil\",\"item\":\"https:\/\/www.flexsis.ch\/de\/\"},{\"@type\":\"ListItem\",\"position\":2,\"name\":\"Flexsis Lausanne B\u00e2timent: eine Agentur, die fest in der Praxis verwurzelt ist\"}]},{\"@type\":\"WebSite\",\"@id\":\"https:\/\/www.flexsis.ch\/de\/#website\",\"url\":\"https:\/\/www.flexsis.ch\/de\/\",\"name\":\"Flexsis\",\"description\":\"Personalrekrutierung- und vermittlung, fest und tempor\u00e4r\",\"publisher\":{\"@id\":\"https:\/\/www.flexsis.ch\/de\/#organization\"},\"potentialAction\":[{\"@type\":\"SearchAction\",\"target\":{\"@type\":\"EntryPoint\",\"urlTemplate\":\"https:\/\/www.flexsis.ch\/de\/?s={search_term_string}\"},\"query-input\":{\"@type\":\"PropertyValueSpecification\",\"valueRequired\":true,\"valueName\":\"search_term_string\"}}],\"inLanguage\":\"de\"},{\"@type\":\"Organization\",\"@id\":\"https:\/\/www.flexsis.ch\/de\/#organization\",\"name\":\"Flexsis\",\"url\":\"https:\/\/www.flexsis.ch\/de\/\",\"logo\":{\"@type\":\"ImageObject\",\"inLanguage\":\"de\",\"@id\":\"https:\/\/www.flexsis.ch\/de\/#\/schema\/logo\/image\/\",\"url\":\"https:\/\/www.flexsis.ch\/wp-content\/uploads\/2024\/02\/flexsis_696x696.jpg\",\"contentUrl\":\"https:\/\/www.flexsis.ch\/wp-content\/uploads\/2024\/02\/flexsis_696x696.jpg\",\"width\":696,\"height\":696,\"caption\":\"Flexsis\"},\"image\":{\"@id\":\"https:\/\/www.flexsis.ch\/de\/#\/schema\/logo\/image\/\"}},{\"@type\":\"Person\",\"@id\":\"https:\/\/www.flexsis.ch\/de\/#\/schema\/person\/1dfa8c391bdaadc11874cd92abff18be\",\"name\":\"Marketing\",\"url\":\"https:\/\/www.flexsis.ch\/de\/author\/teammarketing\/\"}]}<\/script>\n<!-- \/ Yoast SEO plugin. -->","yoast_head_json":{"title":"Flexsis","robots":{"index":"index","follow":"follow","max-snippet":"max-snippet:-1","max-image-preview":"max-image-preview:large","max-video-preview":"max-video-preview:-1"},"canonical":"https:\/\/www.flexsis.ch\/de\/flexsis-lausanne-batiment-eine-agentur-die-fest-in-der-praxis-verwurzelt-ist\/","og_locale":"de_DE","og_type":"article","og_title":"Flexsis Lausanne B\u00e2timent: eine Agentur, die fest in der Praxis verwurzelt ist - Flexsis","og_description":"Ein herzlicher Empfang, ein engagiertes Team und echte Fachkenntnisse: All dies zeichnet die Agentur Flexsis Lausanne B\u00e2timent aus. Die auf die Baubranche \u2013 Rohbau, Ausbau und Elektrik \u2013 spezialisierte Agentur betreut t\u00e4glich Kandidatinnen und Kandidaten sowie Unternehmen mit einem Ansatz, der auf Fachkenntnis, N\u00e4he und Vertrauen basiert. Sie agiert in einem anspruchsvollen Umfeld, das durch [...]Weiterlesen... from Flexsis Lausanne B\u00e2timent: eine Agentur, die fest in der Praxis verwurzelt ist","og_url":"https:\/\/www.flexsis.ch\/de\/flexsis-lausanne-batiment-eine-agentur-die-fest-in-der-praxis-verwurzelt-ist\/","og_site_name":"Flexsis","article_published_time":"2026-04-27T13:58:16+00:00","article_modified_time":"2026-04-27T14:12:23+00:00","og_image":[{"width":2560,"height":1707,"url":"https:\/\/www.flexsis.ch\/wp-content\/uploads\/2026\/04\/9N0A0074-scaled.jpg","type":"image\/jpeg"}],"author":"Marketing","twitter_card":"summary_large_image","twitter_misc":{"Verfasst von":"Marketing","Gesch\u00e4tzte Lesezeit":"4\u00a0Minuten"},"schema":{"@context":"https:\/\/schema.org","@graph":[{"@type":"Article","@id":"https:\/\/www.flexsis.ch\/de\/flexsis-lausanne-batiment-eine-agentur-die-fest-in-der-praxis-verwurzelt-ist\/#article","isPartOf":{"@id":"https:\/\/www.flexsis.ch\/de\/flexsis-lausanne-batiment-eine-agentur-die-fest-in-der-praxis-verwurzelt-ist\/"},"author":{"name":"Marketing","@id":"https:\/\/www.flexsis.ch\/de\/#\/schema\/person\/1dfa8c391bdaadc11874cd92abff18be"},"headline":"Flexsis Lausanne B\u00e2timent: eine Agentur, die fest in der Praxis verwurzelt ist","datePublished":"2026-04-27T13:58:16+00:00","dateModified":"2026-04-27T14:12:23+00:00","mainEntityOfPage":{"@id":"https:\/\/www.flexsis.ch\/de\/flexsis-lausanne-batiment-eine-agentur-die-fest-in-der-praxis-verwurzelt-ist\/"},"wordCount":662,"publisher":{"@id":"https:\/\/www.flexsis.ch\/de\/#organization"},"image":{"@id":"https:\/\/www.flexsis.ch\/de\/flexsis-lausanne-batiment-eine-agentur-die-fest-in-der-praxis-verwurzelt-ist\/#primaryimage"},"thumbnailUrl":"https:\/\/www.flexsis.ch\/wp-content\/uploads\/2026\/04\/9N0A0074-scaled.jpg","articleSection":["Blog"],"inLanguage":"de"},{"@type":"WebPage","@id":"https:\/\/www.flexsis.ch\/de\/flexsis-lausanne-batiment-eine-agentur-die-fest-in-der-praxis-verwurzelt-ist\/","url":"https:\/\/www.flexsis.ch\/de\/flexsis-lausanne-batiment-eine-agentur-die-fest-in-der-praxis-verwurzelt-ist\/","name":"Flexsis Lausanne B\u00e2timent: eine Agentur, die fest in der Praxis verwurzelt ist - Flexsis","isPartOf":{"@id":"https:\/\/www.flexsis.ch\/de\/#website"},"primaryImageOfPage":{"@id":"https:\/\/www.flexsis.ch\/de\/flexsis-lausanne-batiment-eine-agentur-die-fest-in-der-praxis-verwurzelt-ist\/#primaryimage"},"image":{"@id":"https:\/\/www.flexsis.ch\/de\/flexsis-lausanne-batiment-eine-agentur-die-fest-in-der-praxis-verwurzelt-ist\/#primaryimage"},"thumbnailUrl":"https:\/\/www.flexsis.ch\/wp-content\/uploads\/2026\/04\/9N0A0074-scaled.jpg","datePublished":"2026-04-27T13:58:16+00:00","dateModified":"2026-04-27T14:12:23+00:00","breadcrumb":{"@id":"https:\/\/www.flexsis.ch\/de\/flexsis-lausanne-batiment-eine-agentur-die-fest-in-der-praxis-verwurzelt-ist\/#breadcrumb"},"inLanguage":"de","potentialAction":[{"@type":"ReadAction","target":["https:\/\/www.flexsis.ch\/de\/flexsis-lausanne-batiment-eine-agentur-die-fest-in-der-praxis-verwurzelt-ist\/"]}]},{"@type":"ImageObject","inLanguage":"de","@id":"https:\/\/www.flexsis.ch\/de\/flexsis-lausanne-batiment-eine-agentur-die-fest-in-der-praxis-verwurzelt-ist\/#primaryimage","url":"https:\/\/www.flexsis.ch\/wp-content\/uploads\/2026\/04\/9N0A0074-scaled.jpg","contentUrl":"https:\/\/www.flexsis.ch\/wp-content\/uploads\/2026\/04\/9N0A0074-scaled.jpg","width":2560,"height":1707},{"@type":"BreadcrumbList","@id":"https:\/\/www.flexsis.ch\/de\/flexsis-lausanne-batiment-eine-agentur-die-fest-in-der-praxis-verwurzelt-ist\/#breadcrumb","itemListElement":[{"@type":"ListItem","position":1,"name":"Accueil","item":"https:\/\/www.flexsis.ch\/de\/"},{"@type":"ListItem","position":2,"name":"Flexsis Lausanne B\u00e2timent: eine Agentur, die fest in der Praxis verwurzelt ist"}]},{"@type":"WebSite","@id":"https:\/\/www.flexsis.ch\/de\/#website","url":"https:\/\/www.flexsis.ch\/de\/","name":"Flexsis","description":"Personalrekrutierung- und vermittlung, fest und tempor\u00e4r","publisher":{"@id":"https:\/\/www.flexsis.ch\/de\/#organization"},"potentialAction":[{"@type":"SearchAction","target":{"@type":"EntryPoint","urlTemplate":"https:\/\/www.flexsis.ch\/de\/?s={search_term_string}"},"query-input":{"@type":"PropertyValueSpecification","valueRequired":true,"valueName":"search_term_string"}}],"inLanguage":"de"},{"@type":"Organization","@id":"https:\/\/www.flexsis.ch\/de\/#organization","name":"Flexsis","url":"https:\/\/www.flexsis.ch\/de\/","logo":{"@type":"ImageObject","inLanguage":"de","@id":"https:\/\/www.flexsis.ch\/de\/#\/schema\/logo\/image\/","url":"https:\/\/www.flexsis.ch\/wp-content\/uploads\/2024\/02\/flexsis_696x696.jpg","contentUrl":"https:\/\/www.flexsis.ch\/wp-content\/uploads\/2024\/02\/flexsis_696x696.jpg","width":696,"height":696,"caption":"Flexsis"},"image":{"@id":"https:\/\/www.flexsis.ch\/de\/#\/schema\/logo\/image\/"}},{"@type":"Person","@id":"https:\/\/www.flexsis.ch\/de\/#\/schema\/person\/1dfa8c391bdaadc11874cd92abff18be","name":"Marketing","url":"https:\/\/www.flexsis.ch\/de\/author\/teammarketing\/"}]}},"_links":{"self":[{"href":"https:\/\/www.flexsis.ch\/de\/wp-json\/wp\/v2\/posts\/2540","targetHints":{"allow":["GET"]}}],"collection":[{"href":"https:\/\/www.flexsis.ch\/de\/wp-json\/wp\/v2\/posts"}],"about":[{"href":"https:\/\/www.flexsis.ch\/de\/wp-json\/wp\/v2\/types\/post"}],"author":[{"embeddable":true,"href":"https:\/\/www.flexsis.ch\/de\/wp-json\/wp\/v2\/users\/9"}],"replies":[{"embeddable":true,"href":"https:\/\/www.flexsis.ch\/de\/wp-json\/wp\/v2\/comments?post=2540"}],"version-history":[{"count":2,"href":"https:\/\/www.flexsis.ch\/de\/wp-json\/wp\/v2\/posts\/2540\/revisions"}],"predecessor-version":[{"id":2546,"href":"https:\/\/www.flexsis.ch\/de\/wp-json\/wp\/v2\/posts\/2540\/revisions\/2546"}],"wp:featuredmedia":[{"embeddable":true,"href":"https:\/\/www.flexsis.ch\/de\/wp-json\/wp\/v2\/media\/2526"}],"wp:attachment":[{"href":"https:\/\/www.flexsis.ch\/de\/wp-json\/wp\/v2\/media?parent=2540"}],"wp:term":[{"taxonomy":"category","embeddable":true,"href":"https:\/\/www.flexsis.ch\/de\/wp-json\/wp\/v2\/categories?post=2540"},{"taxonomy":"post_tag","embeddable":true,"href":"https:\/\/www.flexsis.ch\/de\/wp-json\/wp\/v2\/tags?post=2540"}],"curies":[{"name":"wp","href":"https:\/\/api.w.org\/{rel}","templated":true}]}}