{"id":1951,"date":"2025-08-19T10:00:00","date_gmt":"2025-08-19T08:00:00","guid":{"rendered":"https:\/\/www.flexsis.ch\/?p=1951"},"modified":"2025-08-19T11:43:56","modified_gmt":"2025-08-19T09:43:56","slug":"flexsis-ticino-agenzie-del-personale-radicate-nel-territorio-e-orientate-alle-persone","status":"publish","type":"post","link":"https:\/\/www.flexsis.ch\/it\/flexsis-ticino-agenzie-del-personale-radicate-nel-territorio-e-orientate-alle-persone\/","title":{"rendered":"Flexsis Ticino: agenzie del personale radicate nel territorio e orientate alle persone"},"content":{"rendered":"\n<p>C\u2019\u00e8 un filo pitturato in arancio che attraversa il Ticino, da Bellinzona a Mendrisio, passando per Locarno e Lugano. Un filo tessuto di ascolto, impegno, presenza. \u00c8 il filo Flexsis che unisce le quattro agenzie di lavoro sul territorio ticinese, coordinate dal Direttore Regionale Alessandro Egitto. Ma pi\u00f9 che agenzie, sono presidi di fiducia: punti di riferimento dove le persone vengono prima dei numeri. \u201cCredo nelle persone, prima ancora che nei risultati\u201d, afferma Alessandro Egitto. Una convinzione che si traduce ogni giorno in azioni concrete.<\/p>\n\n\n\n<h5 class=\"wp-block-heading\"><strong>Una storia che affonda le radici nella fiducia<\/strong><\/h5>\n\n\n\n<p>Quella di Flexsis in Ticino non \u00e8 una storia recente: ha radici profonde. Tutto \u00e8 iniziato oltre 25 anni fa con ABECE Personale, una realt\u00e0 pionieristica nella consulenza HR locale, con sedi a Lugano e Bellinzona. Da l\u00ec, un\u2019evoluzione costante: l\u2019ingresso in Interiman Group, il pi\u00f9 grande nome HR della Svizzera, ha dato slancio a una trasformazione, prima in Interima, poi nella nascita di Flexsis, il marchio specializzato nel reclutamento in vari settori come l\u2019edilizia, l\u2019artigianato, l\u2019industria, la logistica e l\u2019orologeria, che oggi riunisce 49 sedi in tutto il paese. Flexsis nasce da una parola chiave: flessibilit\u00e0. Non solo nel nome, ma nella mentalit\u00e0: \u00e8 la risposta concreta a un mercato che cambia, una proposta modulare per chi cerca risposte rapide, ma anche solide.<\/p>\n\n\n\n<p>In questo scenario nazionale, Flexsis Ticino si distingue come un mondo a s\u00e9: umano, personale, radicato. Forte della solidit\u00e0 del Gruppo, ma capace di mantenere un\u2019identit\u00e0 ticinese propria e relazioni autentiche con la regione.<\/p>\n\n\n\n<h5 class=\"wp-block-heading\"><strong>Un modello costruito sulla fiducia e sulla relazione<\/strong><\/h5>\n\n\n\n<p>\u201cEssere un partner affidabile per le aziende e un punto di riferimento per i candidati\u201d: \u00e8 questa la missione che guida Flexsis in Ticino. Ma non si tratta di un claim. \u00c8 un modo di lavorare che parte dalla conoscenza profonda del territorio, delle sue aziende, delle sue dinamiche, e che si traduce in soluzioni su misura. Qui, la fiducia si guadagna sul campo, con la coerenza tra ci\u00f2 che si promette e ci\u00f2 che si fa.<\/p>\n\n\n\n<h5 class=\"wp-block-heading\"><strong>Ogni agenzia, una storia diversa e un&#8217;identit\u00e0 condivisa<\/strong><\/h5>\n\n\n\n<p>A Lugano, cuore e punto d\u2019origine della presenza storica di Flexsis in Ticino, il team opera con competenza nei settori dell\u2019industria, della farmaceutica, dell\u2019edilizia, della logistica e del terziario. In quanto hub economico del Cantone, la sede di Lugano si distingue per l\u2019esperienza consolidata e la forza del suo network aziendale.<\/p>\n\n\n\n<p>A Locarno, l\u2019approccio umano si fonde con una profonda conoscenza del tessuto artigianale e edile. La filiale opera in modo sartoriale, costruendo relazioni autentiche e vere con aziende e candidati, e offrendo consulenza mirata anche a realt\u00e0 alla loro prima esperienza di reclutamento.<\/p>\n\n\n\n<p>A Bellinzona lavora un team solido ed esperto nel reclutamento fisso e temporaneo, profondamente radicato nel territorio e attivo in diversi network economici. Gli specialisti HR si concentrano in particolare sulla selezione di operai specializzati e generici nei settori edile e artigianale. Inoltre, la sede vanta un importante expertise nel settore della sicurezza, offrendo corsi di formazione mirati. Si tratta di una risorsa preziosa per lo sviluppo delle competenze e il miglioramento della qualit\u00e0 tra i nostri collaboratori temporanei. Questa competenza didattica viene regolarmente condivisa con le nostre agenzie sul territorio, in un\u2019ottica di crescita comune e continua professionalizzazione.<br><br>E infine Mendrisio, la pi\u00f9 giovane tra le agenzie, nata nel 2025. Da realt\u00e0 gestita inizialmente in forma itinerante da Lugano, si \u00e8 trasformata in un presidio stabile, con una squadra giovane ed altamente specializzata. Qui si lavora con dinamismo nei settori industriale, edile, artigianale, logistico, offrendo consulenza personalizzata a imprese e candidati.<\/p>\n\n\n\n<p>\u201cOgni sede ha la sua personalit\u00e0\u201d, spiega Alessandro Egitto. \u201cMa tutte condividono la stessa cultura del servizio, della responsabilit\u00e0, dell\u2019empatia, della trasparenza.\u201d Le agenzie Flexsis in Ticino non sono repliche, ma nodi vitali di una rete che lavora in sinergia.<\/p>\n\n\n\n<figure class=\"wp-block-embed is-provider-youtube wp-block-embed-youtube\"><div class=\"wp-block-embed__wrapper\">\n<iframe loading=\"lazy\" title=\"Flexsis Ticino: Il partner HR per aziende e talenti in tutto il cantone\" width=\"640\" height=\"360\" src=\"https:\/\/www.youtube.com\/embed\/mzN550E5Ke0?feature=oembed\" frameborder=\"0\" allow=\"accelerometer; autoplay; clipboard-write; encrypted-media; gyroscope; picture-in-picture; web-share\" referrerpolicy=\"strict-origin-when-cross-origin\" allowfullscreen><\/iframe>\n<\/div><\/figure>\n\n\n\n<h5 class=\"wp-block-heading\"><strong>Specializzazioni solide, soluzioni su misura<\/strong><\/h5>\n\n\n\n<p>Flexsis Ticino opera con competenza trasversale nei principali settori dell\u2019economia cantonale: edilizia, rami artigianali, industria, logistica, farmaceutico, tecnico, terziario. Settori che richiedono reattivit\u00e0, affidabilit\u00e0 e un know-how aggiornato.<\/p>\n\n\n\n<p>Le imprese ticinesi affrontano oggi sfide complesse: penuria di manodopera qualificata, digitalizzazione, normative in continua evoluzione. Flexsis risponde in modo flessibile e concreto: selezione mirata, consulenza del personale, supporto operativo e strategico. Collocamento temporaneo e indeterminato, Try &amp; Hire, OnSite, Payrolling e Formazione: tutto \u00e8 pensato per adattarsi alle esigenze specifiche di ogni cliente.<br><br>\u201cSiamo presenti, siamo pronti. La nostra forza \u00e8 l\u2019ascolto\u201d, ribadisce Alessandro Egitto. Non si tratta solo di fornire personale, ma di costruire soluzioni durature. Di essere al fianco delle aziende nei momenti critici e nei passaggi di crescita.<\/p>\n\n\n\n<h5 class=\"wp-block-heading\"><strong>Un mercato in evoluzione e un punto fermo nel cambiamento<\/strong><\/h5>\n\n\n\n<p>Il mercato del lavoro in Ticino cambia. Cresce la richiesta di specializzazione, ma anche di umanit\u00e0. Le soft skill come la capacit\u00e0 di adattamento e la comunicazione efficace diventano decisive. E mentre alcune industrie rallentano, altri settori \u2013 edilizia, logistica, servizi \u2013 richiedono reattivit\u00e0 e visione.<\/p>\n\n\n\n<p>Flexsis \u00e8 pronta. \u201cInvestiamo in formazione, in strumenti digitali, ma soprattutto nelle persone\u201d, sottolinea il Direttore Regionale. Il candidato viene accompagnato nel suo percorso professionale, preparato, valorizzato. Il cliente, ascoltato e seguito con precisione.<\/p>\n\n\n\n<h5 class=\"wp-block-heading\"><strong>Una leadership che guida con coerenza e passione<\/strong><\/h5>\n\n\n\n<p>Alessandro Egitto crede in una leadership presente e coerente. Per lui, il ruolo di Direttore Regionale \u00e8 una responsabilit\u00e0 quotidiana: \u201cNon guido con slogan, ma con l\u2019esempio.\u201d La sua \u00e8 una visione concreta: valorizzare il team, stimolare la collaborazione tra le sedi, essere vicino a chi ogni giorno lavora sul campo. Il risultato? Un\u2019organizzazione coesa, reattiva e radicata.<\/p>\n\n\n\n<h5 class=\"wp-block-heading\"><strong>Flexsis Ticino: partner vero, ogni giorno<\/strong><\/h5>\n\n\n\n<p>Flexsis non \u00e8 un nome tra i tanti. In Ticino \u00e8 una presenza affidabile, visibile, credibile. Dove c\u2019\u00e8 una sede, c\u2019\u00e8 una squadra pronta a fare la differenza. Dove c\u2019\u00e8 un bisogno, c\u2019\u00e8 una soluzione costruita su misura. E dove c\u2019\u00e8 una persona, c\u2019\u00e8 sempre qualcuno disposto ad ascoltarla.<\/p>\n\n\n\n<p><strong>Flexsis Ticino. Presente, radicata, concreta.<\/strong><\/p>\n","protected":false},"excerpt":{"rendered":"<p>C\u2019\u00e8 un filo pitturato in arancio che attraversa il Ticino, da Bellinzona a Mendrisio, passando per Locarno e Lugano. Un filo tessuto di ascolto, impegno, presenza. \u00c8 il filo Flexsis che unisce le quattro agenzie di lavoro sul territorio ticinese, coordinate dal Direttore Regionale Alessandro Egitto. Ma pi\u00f9 che agenzie, sono presidi di fiducia: punti [&#8230;]<\/p>\n<p><a class=\"btn btn-secondary understrap-read-more-link\" href=\"https:\/\/www.flexsis.ch\/it\/flexsis-ticino-agenzie-del-personale-radicate-nel-territorio-e-orientate-alle-persone\/\">Leggi di pi\u00f9&#8230;<span class=\"screen-reader-text\"> from Flexsis Ticino: agenzie del personale radicate nel territorio e orientate alle persone<\/span><\/a><\/p>\n","protected":false},"author":9,"featured_media":2034,"comment_status":"closed","ping_status":"open","sticky":false,"template":"","format":"standard","meta":{"_monsterinsights_skip_tracking":false,"_monsterinsights_sitenote_active":false,"_monsterinsights_sitenote_note":"","_monsterinsights_sitenote_category":0,"footnotes":""},"categories":[45],"tags":[],"class_list":["post-1951","post","type-post","status-publish","format-standard","has-post-thumbnail","hentry","category-blog-3"],"yoast_head":"<!-- This site is optimized with the Yoast SEO plugin v26.9 - https:\/\/yoast.com\/product\/yoast-seo-wordpress\/ -->\n<title>Flexsis<\/title>\n<meta name=\"description\" content=\"C\u2019\u00e8 un filo pitturato in arancio che attraversa il Ticino, da Bellinzona a Mendrisio, passando per Locarno e Lugano. Un filo tessuto di ascolto, impegno, presenza. \u00c8 il filo Flexsis che unisce le quattro agenzie di lavoro sul territorio ticinese, coordinate dal Direttore Regionale Alessandro Egitto. Ma pi\u00f9 che agenzie, sono presidi di fiducia: punti di riferimento dove le persone vengono prima dei numeri. \u201cCredo nelle persone, prima ancora che nei risultati\u201d, afferma Alessandro Egitto. Una convinzione che si traduce ogni giorno in azioni concrete.\" \/>\n<meta name=\"robots\" content=\"index, follow, max-snippet:-1, max-image-preview:large, max-video-preview:-1\" \/>\n<link rel=\"canonical\" href=\"https:\/\/www.flexsis.ch\/it\/flexsis-ticino-agenzie-del-personale-radicate-nel-territorio-e-orientate-alle-persone\/\" \/>\n<meta property=\"og:locale\" content=\"it_IT\" \/>\n<meta property=\"og:type\" content=\"article\" \/>\n<meta property=\"og:title\" content=\"Flexsis Ticino: agenzie del personale radicate nel territorio e orientate alle persone - Flexsis\" \/>\n<meta property=\"og:description\" content=\"C\u2019\u00e8 un filo pitturato in arancio che attraversa il Ticino, da Bellinzona a Mendrisio, passando per Locarno e Lugano. Un filo tessuto di ascolto, impegno, presenza. \u00c8 il filo Flexsis che unisce le quattro agenzie di lavoro sul territorio ticinese, coordinate dal Direttore Regionale Alessandro Egitto. Ma pi\u00f9 che agenzie, sono presidi di fiducia: punti di riferimento dove le persone vengono prima dei numeri. \u201cCredo nelle persone, prima ancora che nei risultati\u201d, afferma Alessandro Egitto. Una convinzione che si traduce ogni giorno in azioni concrete.\" \/>\n<meta property=\"og:url\" content=\"https:\/\/www.flexsis.ch\/it\/flexsis-ticino-agenzie-del-personale-radicate-nel-territorio-e-orientate-alle-persone\/\" \/>\n<meta property=\"og:site_name\" content=\"Flexsis\" \/>\n<meta property=\"article:published_time\" content=\"2025-08-19T08:00:00+00:00\" \/>\n<meta property=\"article:modified_time\" content=\"2025-08-19T09:43:56+00:00\" \/>\n<meta property=\"og:image\" content=\"https:\/\/www.flexsis.ch\/wp-content\/uploads\/2025\/08\/Alessandro-Egitto-scaled.jpg\" \/>\n\t<meta property=\"og:image:width\" content=\"2560\" \/>\n\t<meta property=\"og:image:height\" content=\"1708\" \/>\n\t<meta property=\"og:image:type\" content=\"image\/jpeg\" \/>\n<meta name=\"author\" content=\"Marketing\" \/>\n<meta name=\"twitter:card\" content=\"summary_large_image\" \/>\n<meta name=\"twitter:label1\" content=\"Scritto da\" \/>\n\t<meta name=\"twitter:data1\" content=\"Marketing\" \/>\n\t<meta name=\"twitter:label2\" content=\"Tempo di lettura stimato\" \/>\n\t<meta name=\"twitter:data2\" content=\"6 minuti\" \/>\n<script type=\"application\/ld+json\" class=\"yoast-schema-graph\">{\"@context\":\"https:\/\/schema.org\",\"@graph\":[{\"@type\":\"Article\",\"@id\":\"https:\/\/www.flexsis.ch\/it\/flexsis-ticino-agenzie-del-personale-radicate-nel-territorio-e-orientate-alle-persone\/#article\",\"isPartOf\":{\"@id\":\"https:\/\/www.flexsis.ch\/it\/flexsis-ticino-agenzie-del-personale-radicate-nel-territorio-e-orientate-alle-persone\/\"},\"author\":{\"name\":\"Marketing\",\"@id\":\"https:\/\/www.flexsis.ch\/it\/#\/schema\/person\/1dfa8c391bdaadc11874cd92abff18be\"},\"headline\":\"Flexsis Ticino: agenzie del personale radicate nel territorio e orientate alle persone\",\"datePublished\":\"2025-08-19T08:00:00+00:00\",\"dateModified\":\"2025-08-19T09:43:56+00:00\",\"mainEntityOfPage\":{\"@id\":\"https:\/\/www.flexsis.ch\/it\/flexsis-ticino-agenzie-del-personale-radicate-nel-territorio-e-orientate-alle-persone\/\"},\"wordCount\":991,\"publisher\":{\"@id\":\"https:\/\/www.flexsis.ch\/it\/#organization\"},\"image\":{\"@id\":\"https:\/\/www.flexsis.ch\/it\/flexsis-ticino-agenzie-del-personale-radicate-nel-territorio-e-orientate-alle-persone\/#primaryimage\"},\"thumbnailUrl\":\"https:\/\/www.flexsis.ch\/wp-content\/uploads\/2025\/08\/Alessandro-Egitto-scaled.jpg\",\"articleSection\":[\"Blog\"],\"inLanguage\":\"it-IT\"},{\"@type\":\"WebPage\",\"@id\":\"https:\/\/www.flexsis.ch\/it\/flexsis-ticino-agenzie-del-personale-radicate-nel-territorio-e-orientate-alle-persone\/\",\"url\":\"https:\/\/www.flexsis.ch\/it\/flexsis-ticino-agenzie-del-personale-radicate-nel-territorio-e-orientate-alle-persone\/\",\"name\":\"Flexsis Ticino: agenzie del personale radicate nel territorio e orientate alle persone - Flexsis\",\"isPartOf\":{\"@id\":\"https:\/\/www.flexsis.ch\/it\/#website\"},\"primaryImageOfPage\":{\"@id\":\"https:\/\/www.flexsis.ch\/it\/flexsis-ticino-agenzie-del-personale-radicate-nel-territorio-e-orientate-alle-persone\/#primaryimage\"},\"image\":{\"@id\":\"https:\/\/www.flexsis.ch\/it\/flexsis-ticino-agenzie-del-personale-radicate-nel-territorio-e-orientate-alle-persone\/#primaryimage\"},\"thumbnailUrl\":\"https:\/\/www.flexsis.ch\/wp-content\/uploads\/2025\/08\/Alessandro-Egitto-scaled.jpg\",\"datePublished\":\"2025-08-19T08:00:00+00:00\",\"dateModified\":\"2025-08-19T09:43:56+00:00\",\"description\":\"C\u2019\u00e8 un filo pitturato in arancio che attraversa il Ticino, da Bellinzona a Mendrisio, passando per Locarno e Lugano. Un filo tessuto di ascolto, impegno, presenza. \u00c8 il filo Flexsis che unisce le quattro agenzie di lavoro sul territorio ticinese, coordinate dal Direttore Regionale Alessandro Egitto. Ma pi\u00f9 che agenzie, sono presidi di fiducia: punti di riferimento dove le persone vengono prima dei numeri. \u201cCredo nelle persone, prima ancora che nei risultati\u201d, afferma Alessandro Egitto. Una convinzione che si traduce ogni giorno in azioni concrete.\",\"breadcrumb\":{\"@id\":\"https:\/\/www.flexsis.ch\/it\/flexsis-ticino-agenzie-del-personale-radicate-nel-territorio-e-orientate-alle-persone\/#breadcrumb\"},\"inLanguage\":\"it-IT\",\"potentialAction\":[{\"@type\":\"ReadAction\",\"target\":[\"https:\/\/www.flexsis.ch\/it\/flexsis-ticino-agenzie-del-personale-radicate-nel-territorio-e-orientate-alle-persone\/\"]}]},{\"@type\":\"ImageObject\",\"inLanguage\":\"it-IT\",\"@id\":\"https:\/\/www.flexsis.ch\/it\/flexsis-ticino-agenzie-del-personale-radicate-nel-territorio-e-orientate-alle-persone\/#primaryimage\",\"url\":\"https:\/\/www.flexsis.ch\/wp-content\/uploads\/2025\/08\/Alessandro-Egitto-scaled.jpg\",\"contentUrl\":\"https:\/\/www.flexsis.ch\/wp-content\/uploads\/2025\/08\/Alessandro-Egitto-scaled.jpg\",\"width\":2560,\"height\":1708},{\"@type\":\"BreadcrumbList\",\"@id\":\"https:\/\/www.flexsis.ch\/it\/flexsis-ticino-agenzie-del-personale-radicate-nel-territorio-e-orientate-alle-persone\/#breadcrumb\",\"itemListElement\":[{\"@type\":\"ListItem\",\"position\":1,\"name\":\"Accueil\",\"item\":\"https:\/\/www.flexsis.ch\/it\/\"},{\"@type\":\"ListItem\",\"position\":2,\"name\":\"Flexsis Ticino: agenzie del personale radicate nel territorio e orientate alle persone\"}]},{\"@type\":\"WebSite\",\"@id\":\"https:\/\/www.flexsis.ch\/it\/#website\",\"url\":\"https:\/\/www.flexsis.ch\/it\/\",\"name\":\"Flexsis\",\"description\":\"specialisti in offerte di lavoro e reclutamento nell'industria, nella costruzione, nella logistica e nella farmaceutica\",\"publisher\":{\"@id\":\"https:\/\/www.flexsis.ch\/it\/#organization\"},\"potentialAction\":[{\"@type\":\"SearchAction\",\"target\":{\"@type\":\"EntryPoint\",\"urlTemplate\":\"https:\/\/www.flexsis.ch\/it\/?s={search_term_string}\"},\"query-input\":{\"@type\":\"PropertyValueSpecification\",\"valueRequired\":true,\"valueName\":\"search_term_string\"}}],\"inLanguage\":\"it-IT\"},{\"@type\":\"Organization\",\"@id\":\"https:\/\/www.flexsis.ch\/it\/#organization\",\"name\":\"Flexsis\",\"url\":\"https:\/\/www.flexsis.ch\/it\/\",\"logo\":{\"@type\":\"ImageObject\",\"inLanguage\":\"it-IT\",\"@id\":\"https:\/\/www.flexsis.ch\/it\/#\/schema\/logo\/image\/\",\"url\":\"https:\/\/www.flexsis.ch\/wp-content\/uploads\/2024\/02\/flexsis_696x696.jpg\",\"contentUrl\":\"https:\/\/www.flexsis.ch\/wp-content\/uploads\/2024\/02\/flexsis_696x696.jpg\",\"width\":696,\"height\":696,\"caption\":\"Flexsis\"},\"image\":{\"@id\":\"https:\/\/www.flexsis.ch\/it\/#\/schema\/logo\/image\/\"}},{\"@type\":\"Person\",\"@id\":\"https:\/\/www.flexsis.ch\/it\/#\/schema\/person\/1dfa8c391bdaadc11874cd92abff18be\",\"name\":\"Marketing\",\"url\":\"https:\/\/www.flexsis.ch\/it\/author\/teammarketing\/\"}]}<\/script>\n<!-- \/ Yoast SEO plugin. -->","yoast_head_json":{"title":"Flexsis","description":"C\u2019\u00e8 un filo pitturato in arancio che attraversa il Ticino, da Bellinzona a Mendrisio, passando per Locarno e Lugano. Un filo tessuto di ascolto, impegno, presenza. \u00c8 il filo Flexsis che unisce le quattro agenzie di lavoro sul territorio ticinese, coordinate dal Direttore Regionale Alessandro Egitto. Ma pi\u00f9 che agenzie, sono presidi di fiducia: punti di riferimento dove le persone vengono prima dei numeri. \u201cCredo nelle persone, prima ancora che nei risultati\u201d, afferma Alessandro Egitto. Una convinzione che si traduce ogni giorno in azioni concrete.","robots":{"index":"index","follow":"follow","max-snippet":"max-snippet:-1","max-image-preview":"max-image-preview:large","max-video-preview":"max-video-preview:-1"},"canonical":"https:\/\/www.flexsis.ch\/it\/flexsis-ticino-agenzie-del-personale-radicate-nel-territorio-e-orientate-alle-persone\/","og_locale":"it_IT","og_type":"article","og_title":"Flexsis Ticino: agenzie del personale radicate nel territorio e orientate alle persone - Flexsis","og_description":"C\u2019\u00e8 un filo pitturato in arancio che attraversa il Ticino, da Bellinzona a Mendrisio, passando per Locarno e Lugano. Un filo tessuto di ascolto, impegno, presenza. \u00c8 il filo Flexsis che unisce le quattro agenzie di lavoro sul territorio ticinese, coordinate dal Direttore Regionale Alessandro Egitto. Ma pi\u00f9 che agenzie, sono presidi di fiducia: punti di riferimento dove le persone vengono prima dei numeri. \u201cCredo nelle persone, prima ancora che nei risultati\u201d, afferma Alessandro Egitto. Una convinzione che si traduce ogni giorno in azioni concrete.","og_url":"https:\/\/www.flexsis.ch\/it\/flexsis-ticino-agenzie-del-personale-radicate-nel-territorio-e-orientate-alle-persone\/","og_site_name":"Flexsis","article_published_time":"2025-08-19T08:00:00+00:00","article_modified_time":"2025-08-19T09:43:56+00:00","og_image":[{"width":2560,"height":1708,"url":"https:\/\/www.flexsis.ch\/wp-content\/uploads\/2025\/08\/Alessandro-Egitto-scaled.jpg","type":"image\/jpeg"}],"author":"Marketing","twitter_card":"summary_large_image","twitter_misc":{"Scritto da":"Marketing","Tempo di lettura stimato":"6 minuti"},"schema":{"@context":"https:\/\/schema.org","@graph":[{"@type":"Article","@id":"https:\/\/www.flexsis.ch\/it\/flexsis-ticino-agenzie-del-personale-radicate-nel-territorio-e-orientate-alle-persone\/#article","isPartOf":{"@id":"https:\/\/www.flexsis.ch\/it\/flexsis-ticino-agenzie-del-personale-radicate-nel-territorio-e-orientate-alle-persone\/"},"author":{"name":"Marketing","@id":"https:\/\/www.flexsis.ch\/it\/#\/schema\/person\/1dfa8c391bdaadc11874cd92abff18be"},"headline":"Flexsis Ticino: agenzie del personale radicate nel territorio e orientate alle persone","datePublished":"2025-08-19T08:00:00+00:00","dateModified":"2025-08-19T09:43:56+00:00","mainEntityOfPage":{"@id":"https:\/\/www.flexsis.ch\/it\/flexsis-ticino-agenzie-del-personale-radicate-nel-territorio-e-orientate-alle-persone\/"},"wordCount":991,"publisher":{"@id":"https:\/\/www.flexsis.ch\/it\/#organization"},"image":{"@id":"https:\/\/www.flexsis.ch\/it\/flexsis-ticino-agenzie-del-personale-radicate-nel-territorio-e-orientate-alle-persone\/#primaryimage"},"thumbnailUrl":"https:\/\/www.flexsis.ch\/wp-content\/uploads\/2025\/08\/Alessandro-Egitto-scaled.jpg","articleSection":["Blog"],"inLanguage":"it-IT"},{"@type":"WebPage","@id":"https:\/\/www.flexsis.ch\/it\/flexsis-ticino-agenzie-del-personale-radicate-nel-territorio-e-orientate-alle-persone\/","url":"https:\/\/www.flexsis.ch\/it\/flexsis-ticino-agenzie-del-personale-radicate-nel-territorio-e-orientate-alle-persone\/","name":"Flexsis Ticino: agenzie del personale radicate nel territorio e orientate alle persone - Flexsis","isPartOf":{"@id":"https:\/\/www.flexsis.ch\/it\/#website"},"primaryImageOfPage":{"@id":"https:\/\/www.flexsis.ch\/it\/flexsis-ticino-agenzie-del-personale-radicate-nel-territorio-e-orientate-alle-persone\/#primaryimage"},"image":{"@id":"https:\/\/www.flexsis.ch\/it\/flexsis-ticino-agenzie-del-personale-radicate-nel-territorio-e-orientate-alle-persone\/#primaryimage"},"thumbnailUrl":"https:\/\/www.flexsis.ch\/wp-content\/uploads\/2025\/08\/Alessandro-Egitto-scaled.jpg","datePublished":"2025-08-19T08:00:00+00:00","dateModified":"2025-08-19T09:43:56+00:00","description":"C\u2019\u00e8 un filo pitturato in arancio che attraversa il Ticino, da Bellinzona a Mendrisio, passando per Locarno e Lugano. Un filo tessuto di ascolto, impegno, presenza. \u00c8 il filo Flexsis che unisce le quattro agenzie di lavoro sul territorio ticinese, coordinate dal Direttore Regionale Alessandro Egitto. Ma pi\u00f9 che agenzie, sono presidi di fiducia: punti di riferimento dove le persone vengono prima dei numeri. \u201cCredo nelle persone, prima ancora che nei risultati\u201d, afferma Alessandro Egitto. Una convinzione che si traduce ogni giorno in azioni concrete.","breadcrumb":{"@id":"https:\/\/www.flexsis.ch\/it\/flexsis-ticino-agenzie-del-personale-radicate-nel-territorio-e-orientate-alle-persone\/#breadcrumb"},"inLanguage":"it-IT","potentialAction":[{"@type":"ReadAction","target":["https:\/\/www.flexsis.ch\/it\/flexsis-ticino-agenzie-del-personale-radicate-nel-territorio-e-orientate-alle-persone\/"]}]},{"@type":"ImageObject","inLanguage":"it-IT","@id":"https:\/\/www.flexsis.ch\/it\/flexsis-ticino-agenzie-del-personale-radicate-nel-territorio-e-orientate-alle-persone\/#primaryimage","url":"https:\/\/www.flexsis.ch\/wp-content\/uploads\/2025\/08\/Alessandro-Egitto-scaled.jpg","contentUrl":"https:\/\/www.flexsis.ch\/wp-content\/uploads\/2025\/08\/Alessandro-Egitto-scaled.jpg","width":2560,"height":1708},{"@type":"BreadcrumbList","@id":"https:\/\/www.flexsis.ch\/it\/flexsis-ticino-agenzie-del-personale-radicate-nel-territorio-e-orientate-alle-persone\/#breadcrumb","itemListElement":[{"@type":"ListItem","position":1,"name":"Accueil","item":"https:\/\/www.flexsis.ch\/it\/"},{"@type":"ListItem","position":2,"name":"Flexsis Ticino: agenzie del personale radicate nel territorio e orientate alle persone"}]},{"@type":"WebSite","@id":"https:\/\/www.flexsis.ch\/it\/#website","url":"https:\/\/www.flexsis.ch\/it\/","name":"Flexsis","description":"specialisti in offerte di lavoro e reclutamento nell'industria, nella costruzione, nella logistica e nella farmaceutica","publisher":{"@id":"https:\/\/www.flexsis.ch\/it\/#organization"},"potentialAction":[{"@type":"SearchAction","target":{"@type":"EntryPoint","urlTemplate":"https:\/\/www.flexsis.ch\/it\/?s={search_term_string}"},"query-input":{"@type":"PropertyValueSpecification","valueRequired":true,"valueName":"search_term_string"}}],"inLanguage":"it-IT"},{"@type":"Organization","@id":"https:\/\/www.flexsis.ch\/it\/#organization","name":"Flexsis","url":"https:\/\/www.flexsis.ch\/it\/","logo":{"@type":"ImageObject","inLanguage":"it-IT","@id":"https:\/\/www.flexsis.ch\/it\/#\/schema\/logo\/image\/","url":"https:\/\/www.flexsis.ch\/wp-content\/uploads\/2024\/02\/flexsis_696x696.jpg","contentUrl":"https:\/\/www.flexsis.ch\/wp-content\/uploads\/2024\/02\/flexsis_696x696.jpg","width":696,"height":696,"caption":"Flexsis"},"image":{"@id":"https:\/\/www.flexsis.ch\/it\/#\/schema\/logo\/image\/"}},{"@type":"Person","@id":"https:\/\/www.flexsis.ch\/it\/#\/schema\/person\/1dfa8c391bdaadc11874cd92abff18be","name":"Marketing","url":"https:\/\/www.flexsis.ch\/it\/author\/teammarketing\/"}]}},"_links":{"self":[{"href":"https:\/\/www.flexsis.ch\/it\/wp-json\/wp\/v2\/posts\/1951","targetHints":{"allow":["GET"]}}],"collection":[{"href":"https:\/\/www.flexsis.ch\/it\/wp-json\/wp\/v2\/posts"}],"about":[{"href":"https:\/\/www.flexsis.ch\/it\/wp-json\/wp\/v2\/types\/post"}],"author":[{"embeddable":true,"href":"https:\/\/www.flexsis.ch\/it\/wp-json\/wp\/v2\/users\/9"}],"replies":[{"embeddable":true,"href":"https:\/\/www.flexsis.ch\/it\/wp-json\/wp\/v2\/comments?post=1951"}],"version-history":[{"count":2,"href":"https:\/\/www.flexsis.ch\/it\/wp-json\/wp\/v2\/posts\/1951\/revisions"}],"predecessor-version":[{"id":2038,"href":"https:\/\/www.flexsis.ch\/it\/wp-json\/wp\/v2\/posts\/1951\/revisions\/2038"}],"wp:featuredmedia":[{"embeddable":true,"href":"https:\/\/www.flexsis.ch\/it\/wp-json\/wp\/v2\/media\/2034"}],"wp:attachment":[{"href":"https:\/\/www.flexsis.ch\/it\/wp-json\/wp\/v2\/media?parent=1951"}],"wp:term":[{"taxonomy":"category","embeddable":true,"href":"https:\/\/www.flexsis.ch\/it\/wp-json\/wp\/v2\/categories?post=1951"},{"taxonomy":"post_tag","embeddable":true,"href":"https:\/\/www.flexsis.ch\/it\/wp-json\/wp\/v2\/tags?post=1951"}],"curies":[{"name":"wp","href":"https:\/\/api.w.org\/{rel}","templated":true}]}}