{"id":1960,"date":"2025-08-26T11:00:00","date_gmt":"2025-08-26T09:00:00","guid":{"rendered":"https:\/\/www.flexsis.ch\/?p=1960"},"modified":"2025-08-26T10:18:05","modified_gmt":"2025-08-26T08:18:05","slug":"flexsis-bellinzona-dove-il-lavoro-incontra-le-persone-e-le-trasforma","status":"publish","type":"post","link":"https:\/\/www.flexsis.ch\/it\/flexsis-bellinzona-dove-il-lavoro-incontra-le-persone-e-le-trasforma\/","title":{"rendered":"Flexsis Bellinzona: dove il lavoro incontra le persone e le trasforma"},"content":{"rendered":"\n<p>Nel cuore del Canton Ticino, a Bellinzona, c&#8217;\u00e8 un&#8217;agenzia che non si limita a reclutare. Flexsis \u00e8 una finestra aperta su storie di cambiamento, lotta e rinascita. Un osservatorio privilegiato sul mondo del lavoro reale: quello fatto di sfide quotidiane, di mani pieni di cemento, di curricula con speranze tra le righe. Questo articolo non \u00e8 solo un racconto. \u00c8 un&#8217;indagine sull&#8217;impatto umano di un&#8217;agenzia HR che ha scelto di metterci cuore, anima e radici.<\/p>\n\n\n\n<h5 class=\"wp-block-heading\"><strong>Una presenza che evolve, ma resta fedele<\/strong><\/h5>\n\n\n\n<p>Flexsis Bellinzona porta un nome nuovo dal 2024, ma la sua storia inizia molto prima. Prima come ABECE, poi come Interima. Dietro questi nomi, una coerenza: la volont\u00e0 di creare valore per chi cerca e d\u00e0 lavoro nel territorio. \u201cAbbiamo cambiato brand, ma non abbiamo mai cambiato rotta. Qui siamo sempre stati presenti. Con 20 anni di presenza, discrezione, con costanza, con umanit\u00e0\u201d, spiega Giuseppe Berretta, Team Leader di filiale.<\/p>\n\n\n\n<p>Nel tempo, l&#8217;agenzia ha attraversato trasformazioni organizzative e di mercato. Eppure, ha mantenuto una bussola chiara: essere un riferimento umano e professionale per aziende e lavoratori. Questo radicamento locale oggi conta pi\u00f9 che mai, in un contesto in cui i processi rischiano di diventare sempre pi\u00f9 impersonali, standardizzati e distaccati dalla realt\u00e0 concreta delle persone e delle imprese.<\/p>\n\n\n\n<h5 class=\"wp-block-heading\"><strong>Inchiesta sul lavoro che cambia: chi sono i nuovi invisibili?<\/strong><\/h5>\n\n\n\n<p>L\u2019edilizia ticinese, settore cardine dell\u2019economia locale, sta vivendo una fase di transizione. A cambiare non sono solo tecniche e materiali, ma soprattutto i profili professionali e le dinamiche del reclutamento. Trovare candidati affidabili, motivati e qualificati richiede oggi uno sforzo strategico e creativo.<\/p>\n\n\n\n<p>Le sfide sono molteplici: pressione fiscale sui frontalieri, aspettative diverse delle nuove generazioni, accesso difficile agli alloggi, concorrenza tra regioni. Il risultato? Una carenza crescente di manodopera qualificata che impone nuove soluzioni.<\/p>\n\n\n\n<figure class=\"wp-block-embed is-provider-youtube wp-block-embed-youtube\"><div class=\"wp-block-embed__wrapper\">\n<iframe loading=\"lazy\" title=\"Flexsis Bellinzona: Recruiting, consulenza HR e formazione per le aziende in Ticino\" width=\"640\" height=\"360\" src=\"https:\/\/www.youtube.com\/embed\/zPQI2sDKLaU?feature=oembed\" frameborder=\"0\" allow=\"accelerometer; autoplay; clipboard-write; encrypted-media; gyroscope; picture-in-picture; web-share\" referrerpolicy=\"strict-origin-when-cross-origin\" allowfullscreen><\/iframe>\n<\/div><\/figure>\n\n\n\n<h5 class=\"wp-block-heading\"><strong>Formare per integrare: l\u2019approccio Flexsis<\/strong><\/h5>\n\n\n\n<p>Flexsis non si limita a rispondere alle esigenze del mercato: le anticipa. \u00c8 in questo contesto che nasce la collaborazione con Securiman per l\u2019offerta di corsi di sicurezza destinati ai lavoratori del settore edile e industriale. \u00abUn certificato pu\u00f2 fare la differenza tra essere esclusi o protagonisti\u00bb, sottolinea Giuseppe Berretta.<\/p>\n\n\n\n<p>L\u2019iniziativa ha generato riscontri positivi da parte di candidati e clienti, spingendo la filiale a strutturare un\u2019offerta formativa pi\u00f9 ampia: nasce cos\u00ec la Flexsis Academy. Non solo un servizio aggiuntivo, ma una risposta strategica alla crisi di competenze. Corsi mirati, accessibili e personalizzati diventano leve per restituire stabilit\u00e0, qualificazione e opportunit\u00e0 a chi cerca lavoro.<\/p>\n\n\n\n<h5 class=\"wp-block-heading\"><strong>Profili e servizi: la strategia dell&#8217;ascolto attivo<\/strong><\/h5>\n\n\n\n<p>Flexsis lavora in settori ad alta intensit\u00e0 umana: edilizia, artigianato, logistica, industria. Ma il vero valore sta nel metodo. Ogni missione parte da un ascolto profondo: dei candidati, delle aziende, del contesto.<\/p>\n\n\n\n<p>La selezione non \u00e8 solo tecnica, ma relazionale. I CV vengono letti, ma soprattutto interpretati. Le motivazioni personali diventano leve decisive. Il dialogo costante con le aziende e candidati permette un matching su misura, non solo per competenze, ma per visione, cultura e tempistiche.<\/p>\n\n\n\n<p>Tra i servizi pi\u00f9 richiesti:<\/p>\n\n\n\n<ul class=\"wp-block-list\">\n<li>selezione e collocamento di personale fisso e temporaneo;<\/li>\n\n\n\n<li>preselezione anonima su incarico diretto;<\/li>\n\n\n\n<li>consulenza e supporto HR;<\/li>\n\n\n\n<li>payrolling e outsourcing amministrativo;<\/li>\n\n\n\n<li>onboarding operativo;<\/li>\n\n\n\n<li>formazione tramite Flexsis Academy, Securiman e partner accreditati.<\/li>\n<\/ul>\n\n\n\n<p>Tutto \u00e8 gestito in un\u2019ottica flessibile, pragmatica, personale. Ogni cliente, ogni candidato, riceve l\u2019attenzione che merita.<\/p>\n\n\n\n<h5 class=\"wp-block-heading\"><strong>Relazioni, non numeri: il capitale sociale di Bellinzona<\/strong><\/h5>\n\n\n\n<p>In un tempo dominato dagli algoritmi, Flexsis Bellinzona difende con orgoglio la centralit\u00e0 della relazione umana. Ogni cliente \u00e8 conosciuto di persona. Le visite sul campo non sono eccezioni, ma la norma. Il team incontra i manager, ma anche gli operai, le segretarie, i tecnici. Tutti sono parte del processo. Tutti meritano ascolto.<\/p>\n\n\n\n<p>La partecipazione attiva a reti come BNI Tre Castelli rafforza questa impronta: costruire comunit\u00e0 economiche in cui la fiducia \u00e8 la prima valuta. Perch\u00e9 in un contesto cos\u00ec complesso, avere un consulente HR che conosce il tuo territorio, la tua azienda e il tuo linguaggio \u00e8 un vantaggio competitivo reale.<\/p>\n\n\n\n<figure class=\"wp-block-embed is-provider-youtube wp-block-embed-youtube\"><div class=\"wp-block-embed__wrapper\">\n<iframe loading=\"lazy\" title=\"Flexsis Bellinzona: Come troviamo il lavoro perfetto per le tue competenze\" width=\"640\" height=\"360\" src=\"https:\/\/www.youtube.com\/embed\/cVIiR50iFeg?feature=oembed\" frameborder=\"0\" allow=\"accelerometer; autoplay; clipboard-write; encrypted-media; gyroscope; picture-in-picture; web-share\" referrerpolicy=\"strict-origin-when-cross-origin\" allowfullscreen><\/iframe>\n<\/div><\/figure>\n\n\n\n<h5 class=\"wp-block-heading\"><strong>Gesti che restano, storie che trasformano<\/strong><\/h5>\n\n\n\n<p>Ogni settimana, in agenzia arrivano volti con storie difficili: licenziamenti improvvisi, famiglie da mantenere, sogni da ricostruire. Non tutti trovano subito una soluzione, ma tutti vengono accolti con rispetto.<\/p>\n\n\n\n<p>Tra le storie pi\u00f9 emblematiche: quella di un operaio che, dopo anni di incertezze, ha finalmente ottenuto un contratto a tempo indeterminato. \u00c8 tornato in agenzia con un mazzo di fiori, commosso. \u201cGrazie per non avermi mai mollato\u201d, ha detto con le lacrime agli occhi.<\/p>\n\n\n\n<p>O ancora, il giovane che da dieci anni cercava stabilit\u00e0 e che, attraverso Flexsis, ha trovato non solo un posto fisso, ma anche il coraggio di costruirsi una nuova vita. Queste non sono solo storie di successo. Sono storie di umanit\u00e0.<\/p>\n\n\n\n<h5 class=\"wp-block-heading\"><strong>Dietro l&#8217;agenzia: tre volti, una visione<\/strong><\/h5>\n\n\n\n<p>Dietro i servizi, ci sono persone. Giuseppe Berretta, con dieci anni di esperienza e una visione umana e manageriale del lavoro. Sofia Zoppo, consulente esperta, amministrativamente impeccabile e solidale nella gestione dei collocamenti fissi. Elisa Brusa, giovane reclutatrice che sta costruendo giorno dopo giorno la sua credibilit\u00e0 con impegno e sensibilit\u00e0.<\/p>\n\n\n\n<p>Il team si sostiene, si confronta, si corregge. Condivide un\u2019etica, una visione e un obiettivo: dare risposte vere, rapide e su misura al mercato del lavoro ticinese.<\/p>\n\n\n\n<h5 class=\"wp-block-heading\"><strong>Conclusione: un&#8217;agenzia come dovrebbe essere il lavoro<\/strong><\/h5>\n\n\n\n<p>Flexsis Bellinzona \u00e8 molto pi\u00f9 di un\u2019agenzia. \u00c8 una comunit\u00e0, un punto d\u2019appoggio, un laboratorio dove ogni giorno si scrive una pagina di dignit\u00e0 professionale.<\/p>\n\n\n\n<p>Qui il lavoro \u00e8 ancora una questione di persone. E il futuro, per quanto incerto, appare un po&#8217; pi\u00f9 vicino.<\/p>\n\n\n\n<p><strong>Flexsis Bellinzona: dove il lavoro ritrova il suo volto umano.<\/strong><\/p>\n\n\n\n<figure class=\"wp-block-image size-large\"><img loading=\"lazy\" decoding=\"async\" width=\"1024\" height=\"683\" src=\"https:\/\/www.flexsis.ch\/wp-content\/uploads\/2025\/08\/Bellinzona_Giuseppe-Berretta-1024x683.jpg\" alt=\"\" class=\"wp-image-2127\" srcset=\"https:\/\/www.flexsis.ch\/wp-content\/uploads\/2025\/08\/Bellinzona_Giuseppe-Berretta-1024x683.jpg 1024w, https:\/\/www.flexsis.ch\/wp-content\/uploads\/2025\/08\/Bellinzona_Giuseppe-Berretta-300x200.jpg 300w, https:\/\/www.flexsis.ch\/wp-content\/uploads\/2025\/08\/Bellinzona_Giuseppe-Berretta-768x512.jpg 768w, https:\/\/www.flexsis.ch\/wp-content\/uploads\/2025\/08\/Bellinzona_Giuseppe-Berretta-1536x1025.jpg 1536w, https:\/\/www.flexsis.ch\/wp-content\/uploads\/2025\/08\/Bellinzona_Giuseppe-Berretta-2048x1366.jpg 2048w\" sizes=\"auto, (max-width: 1024px) 100vw, 1024px\" \/><figcaption class=\"wp-element-caption\">Giuseppe Berretta, Senior Consulente<\/figcaption><\/figure>\n\n\n\n<figure class=\"wp-block-image size-large\"><img loading=\"lazy\" decoding=\"async\" width=\"1024\" height=\"683\" src=\"https:\/\/www.flexsis.ch\/wp-content\/uploads\/2025\/08\/Bellinzona_Sofia-Zoppo-1024x683.jpg\" alt=\"\" class=\"wp-image-2131\" srcset=\"https:\/\/www.flexsis.ch\/wp-content\/uploads\/2025\/08\/Bellinzona_Sofia-Zoppo-1024x683.jpg 1024w, https:\/\/www.flexsis.ch\/wp-content\/uploads\/2025\/08\/Bellinzona_Sofia-Zoppo-300x200.jpg 300w, https:\/\/www.flexsis.ch\/wp-content\/uploads\/2025\/08\/Bellinzona_Sofia-Zoppo-768x512.jpg 768w, https:\/\/www.flexsis.ch\/wp-content\/uploads\/2025\/08\/Bellinzona_Sofia-Zoppo-1536x1025.jpg 1536w, https:\/\/www.flexsis.ch\/wp-content\/uploads\/2025\/08\/Bellinzona_Sofia-Zoppo-2048x1366.jpg 2048w\" sizes=\"auto, (max-width: 1024px) 100vw, 1024px\" \/><figcaption class=\"wp-element-caption\">Sofia Zoppo, Consulente settore permanent<\/figcaption><\/figure>\n\n\n\n<figure class=\"wp-block-image size-large\"><img loading=\"lazy\" decoding=\"async\" width=\"1024\" height=\"683\" src=\"https:\/\/www.flexsis.ch\/wp-content\/uploads\/2025\/08\/Bellinzona_Elisa-Brusa-1024x683.jpg\" alt=\"\" class=\"wp-image-2123\" srcset=\"https:\/\/www.flexsis.ch\/wp-content\/uploads\/2025\/08\/Bellinzona_Elisa-Brusa-1024x683.jpg 1024w, https:\/\/www.flexsis.ch\/wp-content\/uploads\/2025\/08\/Bellinzona_Elisa-Brusa-300x200.jpg 300w, https:\/\/www.flexsis.ch\/wp-content\/uploads\/2025\/08\/Bellinzona_Elisa-Brusa-768x512.jpg 768w, https:\/\/www.flexsis.ch\/wp-content\/uploads\/2025\/08\/Bellinzona_Elisa-Brusa-1536x1025.jpg 1536w, https:\/\/www.flexsis.ch\/wp-content\/uploads\/2025\/08\/Bellinzona_Elisa-Brusa-2048x1366.jpg 2048w\" sizes=\"auto, (max-width: 1024px) 100vw, 1024px\" \/><figcaption class=\"wp-element-caption\">Elisa Brusa, Consulente<\/figcaption><\/figure>\n","protected":false},"excerpt":{"rendered":"<p>Nel cuore del Canton Ticino, a Bellinzona, c&#8217;\u00e8 un&#8217;agenzia che non si limita a reclutare. Flexsis \u00e8 una finestra aperta su storie di cambiamento, lotta e rinascita. Un osservatorio privilegiato sul mondo del lavoro reale: quello fatto di sfide quotidiane, di mani pieni di cemento, di curricula con speranze tra le righe. Questo articolo non [&#8230;]<\/p>\n<p><a class=\"btn btn-secondary understrap-read-more-link\" href=\"https:\/\/www.flexsis.ch\/it\/flexsis-bellinzona-dove-il-lavoro-incontra-le-persone-e-le-trasforma\/\">Leggi di pi\u00f9&#8230;<span class=\"screen-reader-text\"> from Flexsis Bellinzona: dove il lavoro incontra le persone e le trasforma<\/span><\/a><\/p>\n","protected":false},"author":9,"featured_media":2023,"comment_status":"closed","ping_status":"open","sticky":false,"template":"","format":"standard","meta":{"_monsterinsights_skip_tracking":false,"_monsterinsights_sitenote_active":false,"_monsterinsights_sitenote_note":"","_monsterinsights_sitenote_category":0,"footnotes":""},"categories":[45],"tags":[],"class_list":["post-1960","post","type-post","status-publish","format-standard","has-post-thumbnail","hentry","category-blog-3"],"yoast_head":"<!-- This site is optimized with the Yoast SEO plugin v26.9 - https:\/\/yoast.com\/product\/yoast-seo-wordpress\/ -->\n<title>Flexsis<\/title>\n<meta name=\"description\" content=\"Nel cuore del Canton Ticino, a Bellinzona, c&#039;\u00e8 un&#039;agenzia che non si limita a reclutare. Flexsis \u00e8 una finestra aperta su storie di cambiamento, lotta e rinascita. Un osservatorio privilegiato sul mondo del lavoro reale: quello fatto di sfide quotidiane, di mani pieni di cemento, di curricula con speranze tra le righe. Questo articolo non \u00e8 solo un racconto. \u00c8 un&#039;indagine sull&#039;impatto umano di un&#039;agenzia HR che ha scelto di metterci cuore, anima e radici.\" \/>\n<meta name=\"robots\" content=\"index, follow, max-snippet:-1, max-image-preview:large, max-video-preview:-1\" \/>\n<link rel=\"canonical\" href=\"https:\/\/www.flexsis.ch\/it\/flexsis-bellinzona-dove-il-lavoro-incontra-le-persone-e-le-trasforma\/\" \/>\n<meta property=\"og:locale\" content=\"it_IT\" \/>\n<meta property=\"og:type\" content=\"article\" \/>\n<meta property=\"og:title\" content=\"Flexsis Bellinzona: dove il lavoro incontra le persone e le trasforma - Flexsis\" \/>\n<meta property=\"og:description\" content=\"Nel cuore del Canton Ticino, a Bellinzona, c&#039;\u00e8 un&#039;agenzia che non si limita a reclutare. Flexsis \u00e8 una finestra aperta su storie di cambiamento, lotta e rinascita. Un osservatorio privilegiato sul mondo del lavoro reale: quello fatto di sfide quotidiane, di mani pieni di cemento, di curricula con speranze tra le righe. Questo articolo non \u00e8 solo un racconto. \u00c8 un&#039;indagine sull&#039;impatto umano di un&#039;agenzia HR che ha scelto di metterci cuore, anima e radici.\" \/>\n<meta property=\"og:url\" content=\"https:\/\/www.flexsis.ch\/it\/flexsis-bellinzona-dove-il-lavoro-incontra-le-persone-e-le-trasforma\/\" \/>\n<meta property=\"og:site_name\" content=\"Flexsis\" \/>\n<meta property=\"article:published_time\" content=\"2025-08-26T09:00:00+00:00\" \/>\n<meta property=\"og:image\" content=\"https:\/\/www.flexsis.ch\/wp-content\/uploads\/2025\/08\/Bellinzona_Team-scaled.jpg\" \/>\n\t<meta property=\"og:image:width\" content=\"2560\" \/>\n\t<meta property=\"og:image:height\" content=\"1708\" \/>\n\t<meta property=\"og:image:type\" content=\"image\/jpeg\" \/>\n<meta name=\"author\" content=\"Marketing\" \/>\n<meta name=\"twitter:card\" content=\"summary_large_image\" \/>\n<meta name=\"twitter:label1\" content=\"Scritto da\" \/>\n\t<meta name=\"twitter:data1\" content=\"Marketing\" \/>\n\t<meta name=\"twitter:label2\" content=\"Tempo di lettura stimato\" \/>\n\t<meta name=\"twitter:data2\" content=\"6 minuti\" \/>\n<script type=\"application\/ld+json\" class=\"yoast-schema-graph\">{\"@context\":\"https:\/\/schema.org\",\"@graph\":[{\"@type\":\"Article\",\"@id\":\"https:\/\/www.flexsis.ch\/it\/flexsis-bellinzona-dove-il-lavoro-incontra-le-persone-e-le-trasforma\/#article\",\"isPartOf\":{\"@id\":\"https:\/\/www.flexsis.ch\/it\/flexsis-bellinzona-dove-il-lavoro-incontra-le-persone-e-le-trasforma\/\"},\"author\":{\"name\":\"Marketing\",\"@id\":\"https:\/\/www.flexsis.ch\/it\/#\/schema\/person\/1dfa8c391bdaadc11874cd92abff18be\"},\"headline\":\"Flexsis Bellinzona: dove il lavoro incontra le persone e le trasforma\",\"datePublished\":\"2025-08-26T09:00:00+00:00\",\"mainEntityOfPage\":{\"@id\":\"https:\/\/www.flexsis.ch\/it\/flexsis-bellinzona-dove-il-lavoro-incontra-le-persone-e-le-trasforma\/\"},\"wordCount\":960,\"publisher\":{\"@id\":\"https:\/\/www.flexsis.ch\/it\/#organization\"},\"image\":{\"@id\":\"https:\/\/www.flexsis.ch\/it\/flexsis-bellinzona-dove-il-lavoro-incontra-le-persone-e-le-trasforma\/#primaryimage\"},\"thumbnailUrl\":\"https:\/\/www.flexsis.ch\/wp-content\/uploads\/2025\/08\/Bellinzona_Team-scaled.jpg\",\"articleSection\":[\"Blog\"],\"inLanguage\":\"it-IT\"},{\"@type\":\"WebPage\",\"@id\":\"https:\/\/www.flexsis.ch\/it\/flexsis-bellinzona-dove-il-lavoro-incontra-le-persone-e-le-trasforma\/\",\"url\":\"https:\/\/www.flexsis.ch\/it\/flexsis-bellinzona-dove-il-lavoro-incontra-le-persone-e-le-trasforma\/\",\"name\":\"Flexsis Bellinzona: dove il lavoro incontra le persone e le trasforma - Flexsis\",\"isPartOf\":{\"@id\":\"https:\/\/www.flexsis.ch\/it\/#website\"},\"primaryImageOfPage\":{\"@id\":\"https:\/\/www.flexsis.ch\/it\/flexsis-bellinzona-dove-il-lavoro-incontra-le-persone-e-le-trasforma\/#primaryimage\"},\"image\":{\"@id\":\"https:\/\/www.flexsis.ch\/it\/flexsis-bellinzona-dove-il-lavoro-incontra-le-persone-e-le-trasforma\/#primaryimage\"},\"thumbnailUrl\":\"https:\/\/www.flexsis.ch\/wp-content\/uploads\/2025\/08\/Bellinzona_Team-scaled.jpg\",\"datePublished\":\"2025-08-26T09:00:00+00:00\",\"description\":\"Nel cuore del Canton Ticino, a Bellinzona, c'\u00e8 un'agenzia che non si limita a reclutare. Flexsis \u00e8 una finestra aperta su storie di cambiamento, lotta e rinascita. Un osservatorio privilegiato sul mondo del lavoro reale: quello fatto di sfide quotidiane, di mani pieni di cemento, di curricula con speranze tra le righe. Questo articolo non \u00e8 solo un racconto. \u00c8 un'indagine sull'impatto umano di un'agenzia HR che ha scelto di metterci cuore, anima e radici.\",\"breadcrumb\":{\"@id\":\"https:\/\/www.flexsis.ch\/it\/flexsis-bellinzona-dove-il-lavoro-incontra-le-persone-e-le-trasforma\/#breadcrumb\"},\"inLanguage\":\"it-IT\",\"potentialAction\":[{\"@type\":\"ReadAction\",\"target\":[\"https:\/\/www.flexsis.ch\/it\/flexsis-bellinzona-dove-il-lavoro-incontra-le-persone-e-le-trasforma\/\"]}]},{\"@type\":\"ImageObject\",\"inLanguage\":\"it-IT\",\"@id\":\"https:\/\/www.flexsis.ch\/it\/flexsis-bellinzona-dove-il-lavoro-incontra-le-persone-e-le-trasforma\/#primaryimage\",\"url\":\"https:\/\/www.flexsis.ch\/wp-content\/uploads\/2025\/08\/Bellinzona_Team-scaled.jpg\",\"contentUrl\":\"https:\/\/www.flexsis.ch\/wp-content\/uploads\/2025\/08\/Bellinzona_Team-scaled.jpg\",\"width\":2560,\"height\":1708},{\"@type\":\"BreadcrumbList\",\"@id\":\"https:\/\/www.flexsis.ch\/it\/flexsis-bellinzona-dove-il-lavoro-incontra-le-persone-e-le-trasforma\/#breadcrumb\",\"itemListElement\":[{\"@type\":\"ListItem\",\"position\":1,\"name\":\"Accueil\",\"item\":\"https:\/\/www.flexsis.ch\/it\/\"},{\"@type\":\"ListItem\",\"position\":2,\"name\":\"Flexsis Bellinzona: dove il lavoro incontra le persone e le trasforma\"}]},{\"@type\":\"WebSite\",\"@id\":\"https:\/\/www.flexsis.ch\/it\/#website\",\"url\":\"https:\/\/www.flexsis.ch\/it\/\",\"name\":\"Flexsis\",\"description\":\"specialisti in offerte di lavoro e reclutamento nell'industria, nella costruzione, nella logistica e nella farmaceutica\",\"publisher\":{\"@id\":\"https:\/\/www.flexsis.ch\/it\/#organization\"},\"potentialAction\":[{\"@type\":\"SearchAction\",\"target\":{\"@type\":\"EntryPoint\",\"urlTemplate\":\"https:\/\/www.flexsis.ch\/it\/?s={search_term_string}\"},\"query-input\":{\"@type\":\"PropertyValueSpecification\",\"valueRequired\":true,\"valueName\":\"search_term_string\"}}],\"inLanguage\":\"it-IT\"},{\"@type\":\"Organization\",\"@id\":\"https:\/\/www.flexsis.ch\/it\/#organization\",\"name\":\"Flexsis\",\"url\":\"https:\/\/www.flexsis.ch\/it\/\",\"logo\":{\"@type\":\"ImageObject\",\"inLanguage\":\"it-IT\",\"@id\":\"https:\/\/www.flexsis.ch\/it\/#\/schema\/logo\/image\/\",\"url\":\"https:\/\/www.flexsis.ch\/wp-content\/uploads\/2024\/02\/flexsis_696x696.jpg\",\"contentUrl\":\"https:\/\/www.flexsis.ch\/wp-content\/uploads\/2024\/02\/flexsis_696x696.jpg\",\"width\":696,\"height\":696,\"caption\":\"Flexsis\"},\"image\":{\"@id\":\"https:\/\/www.flexsis.ch\/it\/#\/schema\/logo\/image\/\"}},{\"@type\":\"Person\",\"@id\":\"https:\/\/www.flexsis.ch\/it\/#\/schema\/person\/1dfa8c391bdaadc11874cd92abff18be\",\"name\":\"Marketing\",\"url\":\"https:\/\/www.flexsis.ch\/it\/author\/teammarketing\/\"}]}<\/script>\n<!-- \/ Yoast SEO plugin. -->","yoast_head_json":{"title":"Flexsis","description":"Nel cuore del Canton Ticino, a Bellinzona, c'\u00e8 un'agenzia che non si limita a reclutare. Flexsis \u00e8 una finestra aperta su storie di cambiamento, lotta e rinascita. Un osservatorio privilegiato sul mondo del lavoro reale: quello fatto di sfide quotidiane, di mani pieni di cemento, di curricula con speranze tra le righe. Questo articolo non \u00e8 solo un racconto. \u00c8 un'indagine sull'impatto umano di un'agenzia HR che ha scelto di metterci cuore, anima e radici.","robots":{"index":"index","follow":"follow","max-snippet":"max-snippet:-1","max-image-preview":"max-image-preview:large","max-video-preview":"max-video-preview:-1"},"canonical":"https:\/\/www.flexsis.ch\/it\/flexsis-bellinzona-dove-il-lavoro-incontra-le-persone-e-le-trasforma\/","og_locale":"it_IT","og_type":"article","og_title":"Flexsis Bellinzona: dove il lavoro incontra le persone e le trasforma - Flexsis","og_description":"Nel cuore del Canton Ticino, a Bellinzona, c'\u00e8 un'agenzia che non si limita a reclutare. Flexsis \u00e8 una finestra aperta su storie di cambiamento, lotta e rinascita. Un osservatorio privilegiato sul mondo del lavoro reale: quello fatto di sfide quotidiane, di mani pieni di cemento, di curricula con speranze tra le righe. Questo articolo non \u00e8 solo un racconto. \u00c8 un'indagine sull'impatto umano di un'agenzia HR che ha scelto di metterci cuore, anima e radici.","og_url":"https:\/\/www.flexsis.ch\/it\/flexsis-bellinzona-dove-il-lavoro-incontra-le-persone-e-le-trasforma\/","og_site_name":"Flexsis","article_published_time":"2025-08-26T09:00:00+00:00","og_image":[{"width":2560,"height":1708,"url":"https:\/\/www.flexsis.ch\/wp-content\/uploads\/2025\/08\/Bellinzona_Team-scaled.jpg","type":"image\/jpeg"}],"author":"Marketing","twitter_card":"summary_large_image","twitter_misc":{"Scritto da":"Marketing","Tempo di lettura stimato":"6 minuti"},"schema":{"@context":"https:\/\/schema.org","@graph":[{"@type":"Article","@id":"https:\/\/www.flexsis.ch\/it\/flexsis-bellinzona-dove-il-lavoro-incontra-le-persone-e-le-trasforma\/#article","isPartOf":{"@id":"https:\/\/www.flexsis.ch\/it\/flexsis-bellinzona-dove-il-lavoro-incontra-le-persone-e-le-trasforma\/"},"author":{"name":"Marketing","@id":"https:\/\/www.flexsis.ch\/it\/#\/schema\/person\/1dfa8c391bdaadc11874cd92abff18be"},"headline":"Flexsis Bellinzona: dove il lavoro incontra le persone e le trasforma","datePublished":"2025-08-26T09:00:00+00:00","mainEntityOfPage":{"@id":"https:\/\/www.flexsis.ch\/it\/flexsis-bellinzona-dove-il-lavoro-incontra-le-persone-e-le-trasforma\/"},"wordCount":960,"publisher":{"@id":"https:\/\/www.flexsis.ch\/it\/#organization"},"image":{"@id":"https:\/\/www.flexsis.ch\/it\/flexsis-bellinzona-dove-il-lavoro-incontra-le-persone-e-le-trasforma\/#primaryimage"},"thumbnailUrl":"https:\/\/www.flexsis.ch\/wp-content\/uploads\/2025\/08\/Bellinzona_Team-scaled.jpg","articleSection":["Blog"],"inLanguage":"it-IT"},{"@type":"WebPage","@id":"https:\/\/www.flexsis.ch\/it\/flexsis-bellinzona-dove-il-lavoro-incontra-le-persone-e-le-trasforma\/","url":"https:\/\/www.flexsis.ch\/it\/flexsis-bellinzona-dove-il-lavoro-incontra-le-persone-e-le-trasforma\/","name":"Flexsis Bellinzona: dove il lavoro incontra le persone e le trasforma - Flexsis","isPartOf":{"@id":"https:\/\/www.flexsis.ch\/it\/#website"},"primaryImageOfPage":{"@id":"https:\/\/www.flexsis.ch\/it\/flexsis-bellinzona-dove-il-lavoro-incontra-le-persone-e-le-trasforma\/#primaryimage"},"image":{"@id":"https:\/\/www.flexsis.ch\/it\/flexsis-bellinzona-dove-il-lavoro-incontra-le-persone-e-le-trasforma\/#primaryimage"},"thumbnailUrl":"https:\/\/www.flexsis.ch\/wp-content\/uploads\/2025\/08\/Bellinzona_Team-scaled.jpg","datePublished":"2025-08-26T09:00:00+00:00","description":"Nel cuore del Canton Ticino, a Bellinzona, c'\u00e8 un'agenzia che non si limita a reclutare. Flexsis \u00e8 una finestra aperta su storie di cambiamento, lotta e rinascita. Un osservatorio privilegiato sul mondo del lavoro reale: quello fatto di sfide quotidiane, di mani pieni di cemento, di curricula con speranze tra le righe. Questo articolo non \u00e8 solo un racconto. \u00c8 un'indagine sull'impatto umano di un'agenzia HR che ha scelto di metterci cuore, anima e radici.","breadcrumb":{"@id":"https:\/\/www.flexsis.ch\/it\/flexsis-bellinzona-dove-il-lavoro-incontra-le-persone-e-le-trasforma\/#breadcrumb"},"inLanguage":"it-IT","potentialAction":[{"@type":"ReadAction","target":["https:\/\/www.flexsis.ch\/it\/flexsis-bellinzona-dove-il-lavoro-incontra-le-persone-e-le-trasforma\/"]}]},{"@type":"ImageObject","inLanguage":"it-IT","@id":"https:\/\/www.flexsis.ch\/it\/flexsis-bellinzona-dove-il-lavoro-incontra-le-persone-e-le-trasforma\/#primaryimage","url":"https:\/\/www.flexsis.ch\/wp-content\/uploads\/2025\/08\/Bellinzona_Team-scaled.jpg","contentUrl":"https:\/\/www.flexsis.ch\/wp-content\/uploads\/2025\/08\/Bellinzona_Team-scaled.jpg","width":2560,"height":1708},{"@type":"BreadcrumbList","@id":"https:\/\/www.flexsis.ch\/it\/flexsis-bellinzona-dove-il-lavoro-incontra-le-persone-e-le-trasforma\/#breadcrumb","itemListElement":[{"@type":"ListItem","position":1,"name":"Accueil","item":"https:\/\/www.flexsis.ch\/it\/"},{"@type":"ListItem","position":2,"name":"Flexsis Bellinzona: dove il lavoro incontra le persone e le trasforma"}]},{"@type":"WebSite","@id":"https:\/\/www.flexsis.ch\/it\/#website","url":"https:\/\/www.flexsis.ch\/it\/","name":"Flexsis","description":"specialisti in offerte di lavoro e reclutamento nell'industria, nella costruzione, nella logistica e nella farmaceutica","publisher":{"@id":"https:\/\/www.flexsis.ch\/it\/#organization"},"potentialAction":[{"@type":"SearchAction","target":{"@type":"EntryPoint","urlTemplate":"https:\/\/www.flexsis.ch\/it\/?s={search_term_string}"},"query-input":{"@type":"PropertyValueSpecification","valueRequired":true,"valueName":"search_term_string"}}],"inLanguage":"it-IT"},{"@type":"Organization","@id":"https:\/\/www.flexsis.ch\/it\/#organization","name":"Flexsis","url":"https:\/\/www.flexsis.ch\/it\/","logo":{"@type":"ImageObject","inLanguage":"it-IT","@id":"https:\/\/www.flexsis.ch\/it\/#\/schema\/logo\/image\/","url":"https:\/\/www.flexsis.ch\/wp-content\/uploads\/2024\/02\/flexsis_696x696.jpg","contentUrl":"https:\/\/www.flexsis.ch\/wp-content\/uploads\/2024\/02\/flexsis_696x696.jpg","width":696,"height":696,"caption":"Flexsis"},"image":{"@id":"https:\/\/www.flexsis.ch\/it\/#\/schema\/logo\/image\/"}},{"@type":"Person","@id":"https:\/\/www.flexsis.ch\/it\/#\/schema\/person\/1dfa8c391bdaadc11874cd92abff18be","name":"Marketing","url":"https:\/\/www.flexsis.ch\/it\/author\/teammarketing\/"}]}},"_links":{"self":[{"href":"https:\/\/www.flexsis.ch\/it\/wp-json\/wp\/v2\/posts\/1960","targetHints":{"allow":["GET"]}}],"collection":[{"href":"https:\/\/www.flexsis.ch\/it\/wp-json\/wp\/v2\/posts"}],"about":[{"href":"https:\/\/www.flexsis.ch\/it\/wp-json\/wp\/v2\/types\/post"}],"author":[{"embeddable":true,"href":"https:\/\/www.flexsis.ch\/it\/wp-json\/wp\/v2\/users\/9"}],"replies":[{"embeddable":true,"href":"https:\/\/www.flexsis.ch\/it\/wp-json\/wp\/v2\/comments?post=1960"}],"version-history":[{"count":7,"href":"https:\/\/www.flexsis.ch\/it\/wp-json\/wp\/v2\/posts\/1960\/revisions"}],"predecessor-version":[{"id":2137,"href":"https:\/\/www.flexsis.ch\/it\/wp-json\/wp\/v2\/posts\/1960\/revisions\/2137"}],"wp:featuredmedia":[{"embeddable":true,"href":"https:\/\/www.flexsis.ch\/it\/wp-json\/wp\/v2\/media\/2023"}],"wp:attachment":[{"href":"https:\/\/www.flexsis.ch\/it\/wp-json\/wp\/v2\/media?parent=1960"}],"wp:term":[{"taxonomy":"category","embeddable":true,"href":"https:\/\/www.flexsis.ch\/it\/wp-json\/wp\/v2\/categories?post=1960"},{"taxonomy":"post_tag","embeddable":true,"href":"https:\/\/www.flexsis.ch\/it\/wp-json\/wp\/v2\/tags?post=1960"}],"curies":[{"name":"wp","href":"https:\/\/api.w.org\/{rel}","templated":true}]}}