{"id":1982,"date":"2025-09-02T11:00:00","date_gmt":"2025-09-02T09:00:00","guid":{"rendered":"https:\/\/www.flexsis.ch\/?p=1982"},"modified":"2025-08-26T12:42:32","modified_gmt":"2025-08-26T10:42:32","slug":"flexsis-locarno-dove-lurgenza-del-lavoro-incontra-il-coraggio-delle-persone","status":"publish","type":"post","link":"https:\/\/www.flexsis.ch\/it\/flexsis-locarno-dove-lurgenza-del-lavoro-incontra-il-coraggio-delle-persone\/","title":{"rendered":"Flexsis Locarno: dove l\u2019urgenza del lavoro incontra il coraggio delle persone"},"content":{"rendered":"\n<p>A Locarno, ai margini della piazza Grande e lontano dai riflettori, c\u2019\u00e8 una squadra che lavora nell\u2019ombra. Non per timidezza, ma per scelta. Flexsis Locarno \u00e8 uno di quei luoghi rari in cui l\u2019intermediazione del lavoro non \u00e8 un automatismo, ma un gesto di responsabilit\u00e0. Dove ogni colloquio \u00e8 un incontro. Ogni assegnazione, una promessa di fiducia. Ogni storia, una piccola rivoluzione.<\/p>\n\n\n\n<p>Questo articolo \u00e8 il frutto di un confronto con chi questa realt\u00e0 la costruisce ogni giorno: un team che conosce ogni angolo del Locarnese, che sa leggere i bisogni del mercato e che, soprattutto, sa riconoscere il valore umano prima ancora di quello professionale.<\/p>\n\n\n\n<h5 class=\"wp-block-heading\"><strong>Una filiale giovane con radici profonde<\/strong><\/h5>\n\n\n\n<p>Ufficialmente, la filiale Flexsis di Locarno \u00e8 attiva con il nuovo team dal marzo 2025. Ma la sua storia affonda in un passato condiviso: la responsabile di filiale Erica Auguardo, Filippo Gasparini e Elena Ferrari hanno lavorato insieme gi\u00e0 da diversi anni nello stesso settore, prima di scegliere di costruire qualcosa di proprio, sotto un nuovo marchio, con una nuova energia.<\/p>\n\n\n\n<p>Fino a pochi mesi fa, la filiale era gestita a distanza. Ora, con una squadra stabile e presente ogni giorno, Locarno ha finalmente una realt\u00e0 che conosce il territorio dall\u2019interno, che parla con le aziende del posto e che risponde con prontezza, ma anche con onest\u00e0.<\/p>\n\n\n\n<p>\u201cIl nostro investimento qui \u00e8 stato voluto, sentito. Non siamo una vetrina vuota: siamo una realt\u00e0 radicata, che ha scelto di esserci sul serio, per la gente, per le imprese e per la comunit\u00e0 locale.\u201d<\/p>\n\n\n\n<h5 class=\"wp-block-heading\"><strong>Un mercato frammentato, un tessuto in evoluzione<\/strong><\/h5>\n\n\n\n<p>Il Locarnese \u00e8 un territorio complesso, fatto di piccole e medie imprese, di stagionalit\u00e0, di mestieri antichi e nuovi bisogni. L\u2019edilizia resta il settore dominante \u2013 muratori, carpentieri, gruisti \u2013 ma cresce anche la richiesta nei rami affini: pittori, giardinieri, idraulici. L\u2019industria invece \u00e8 quasi assente, ad eccezione di due poli come Schindler e Multitime.<\/p>\n\n\n\n<p>Eppure, trovare manodopera \u00e8 diventata una sfida quotidiana. \u201cQuando ho iniziato, 17 anni fa, i CV arrivavano da soli. Oggi dobbiamo andare a cercare ogni profilo, lavorare molto sul passaparola, sulla reputazione. I giovani non si avvicinano pi\u00f9 ai mestieri manuali, e molti artigiani esperti hanno smesso di migrare in Ticino.\u201d<\/p>\n\n\n\n<p>Il risultato? Il mercato diventa pi\u00f9 instabile, i candidati pi\u00f9 fragili, i clienti pi\u00f9 esigenti. E in questo contesto, Flexsis non si tira indietro. Anzi: alza il livello del gioco.<\/p>\n\n\n\n<figure class=\"wp-block-embed is-provider-youtube wp-block-embed-youtube\"><div class=\"wp-block-embed__wrapper\">\n<iframe loading=\"lazy\" title=\"Flexsis Locarno: Recruiting, consulenza HR e formazione per le aziende in Ticino\" width=\"640\" height=\"360\" src=\"https:\/\/www.youtube.com\/embed\/NySHJrbSVDQ?feature=oembed\" frameborder=\"0\" allow=\"accelerometer; autoplay; clipboard-write; encrypted-media; gyroscope; picture-in-picture; web-share\" referrerpolicy=\"strict-origin-when-cross-origin\" allowfullscreen><\/iframe>\n<\/div><\/figure>\n\n\n\n<h5 class=\"wp-block-heading\"><strong>Risposte rapide, ma mai superficiali<\/strong><\/h5>\n\n\n\n<p>Il servizio pi\u00f9 richiesto \u00e8 il temporaneo. Ed \u00e8 anche quello dove Flexsis d\u00e0 il meglio: \u201cMolti clienti ci chiamano nel pomeriggio per avere una persona la mattina dopo. E noi, rispondiamo.\u201d<\/p>\n\n\n\n<p>Ma la velocit\u00e0 non significa fretta. Ogni persona viene incontrata fisicamente in ufficio, ascoltata, valutata. Nessun invio a caso. \u201cSe un cliente chiede un elettricista per impianti solari e non lo abbiamo, gli diciamo la verit\u00e0. Gli offriamo magari un aiuto per l\u2019indomani e ci impegniamo a trovare il profilo giusto entro 48 ore.\u201d<\/p>\n\n\n\n<p>Questo approccio trasparente, poco comune nel settore, crea relazioni di lungo termine. \u201cMolti clienti passano anche solo per un caff\u00e8. Ci invitano a pranzo, ci ringraziano. Alcuni sono diventati amici. Questo non succede se ti limiti a &#8216;vendere&#8217; candidati.\u201d<\/p>\n\n\n\n<h5 class=\"wp-block-heading\"><strong>Persone prima del profitto: il valore dell\u2019onest\u00e0<\/strong><\/h5>\n\n\n\n<p>La differenza pi\u00f9 grande? \u201cNon promettiamo contratti a tempo indeterminato dove non possiamo garantirli. Non illudiamo i lavoratori. Non prendiamo in giro i clienti.\u201d<\/p>\n\n\n\n<p>Molti competitor lo fanno. Flexsis no. E questa coerenza paga, nel lungo periodo. La reputazione, nel Locarnese, si costruisce con la coerenza, non con le parole.<\/p>\n\n\n\n<p>\u201cCapita che un candidato venga qui senza documenti, senza casa, senza rete. E noi lo aiutiamo. Facciamo telefonate, troviamo un alloggio temporaneo, lo accompagniamo nei primi giorni di lavoro. Questo non \u00e8 nel contratto. Ma \u00e8 nel nostro DNA.\u201d<\/p>\n\n\n\n<h5 class=\"wp-block-heading\"><strong>Una storia vera: da Catania a Locarno, con una valigia e un sogno<\/strong><\/h5>\n\n\n\n<p>Uno degli episodi che ha pi\u00f9 segnato la responsabile Erica Auguadro \u00e8 quello di un giovane elettricista siciliano. \u00c8 arrivato in filiale con una valigetta e nient\u2019altro. Si \u00e8 fidato. Flexsis gli ha trovato un alloggio, un impiego, un primo contratto. Dopo pochi mesi, \u00e8 stato assunto a tempo indeterminato. Ha pubblicato la sua storia sui social: due foto, una all\u2019arrivo e una nella nuova casa, con moglie e figli trasferiti nel frattempo. Un post semplice, ma carico di gratitudine.<\/p>\n\n\n\n<p>\u201cQuando vedi queste trasformazioni, capisci che non stai solo compilando contratti. Stai costruendo possibilit\u00e0. E questo ti rimette in pace col mondo\u201d, rifletta Erica Auguadro.<\/p>\n\n\n\n<figure class=\"wp-block-embed is-provider-youtube wp-block-embed-youtube\"><div class=\"wp-block-embed__wrapper\">\n<iframe loading=\"lazy\" title=\"Flexsis Locarno: Come troviamo il lavoro perfetto per le tue competenze\" width=\"640\" height=\"360\" src=\"https:\/\/www.youtube.com\/embed\/C-9pwYcKgv4?feature=oembed\" frameborder=\"0\" allow=\"accelerometer; autoplay; clipboard-write; encrypted-media; gyroscope; picture-in-picture; web-share\" referrerpolicy=\"strict-origin-when-cross-origin\" allowfullscreen><\/iframe>\n<\/div><\/figure>\n\n\n\n<h5 class=\"wp-block-heading\"><strong>Formazione: non un benefit, ma un diritto<\/strong><\/h5>\n\n\n\n<p>In un mercato sempre pi\u00f9 esigente, Flexsis crede che ogni lavoratore debba avere accesso a corsi di aggiornamento. Con Temptraining, Securiman e Flexsis Academy, l\u2019agenzia offre corsi per la sicurezza, per il lavoro in altezza, per i patentini edili e molto altro.<\/p>\n\n\n\n<p>Serena ed Eleonora, responsabili amministrative, seguono ogni passaggio: iscrizione, documenti, rimborsi. \u201cMolti non sono digitalizzati. Hanno bisogno di aiuto. E noi lo diamo. Anche se richiede tempo.\u201d<\/p>\n\n\n\n<p>Alcuni corsi, come quello per i macchinisti di cantiere, costano migliaia di franchi. Ma sono obbligatori. Flexsis li anticipa. E restituisce ai lavoratori la possibilit\u00e0 di evolversi.<\/p>\n\n\n\n<h5 class=\"wp-block-heading\"><strong>Un team affiatato, una leadership autentica<\/strong><\/h5>\n\n\n\n<p>La squadra di Locarno \u00e8 piccola ma potente:<\/p>\n\n\n\n<ul class=\"wp-block-list\">\n<li><strong>Filippo Gasparini<\/strong>, riflessivo, empatico, meticoloso nel recruiting;<\/li>\n\n\n\n<li><strong>Elena Ferrari<\/strong>, proattiva e instancabile nel contatto con i clienti;<\/li>\n\n\n\n<li><strong>Serena Santomenna ed Eleonora De Luca<\/strong>, precise, disponibili e sempre al fianco dei collaboratori.<\/li>\n<\/ul>\n\n\n\n<p>E poi c\u2019\u00e8 <strong>Erica Auguadro <\/strong>la responsabile, che guida con equilibrio, trasparenza e visione. Il team lavora in armonia. \u201cCi fidiamo l\u2019uno dell\u2019altro. Ci aiutiamo. Questo lo percepiscono anche i clienti.\u201d<\/p>\n\n\n\n<h5 class=\"wp-block-heading\"><strong>Conclusione: l\u2019agenzia che non ha paura di metterci la faccia<\/strong><\/h5>\n\n\n\n<p>In un mercato dove tutto si velocizza e si spersonalizza, Flexsis Locarno ha scelto la via pi\u00f9 difficile: quella della relazione. Dell\u2019etica. Della presenza vera.<\/p>\n\n\n\n<p>Ogni giorno, in questa filiale, si costruisce qualcosa che va oltre il lavoro: si costruisce fiducia. E anche, futuro.<\/p>\n\n\n\n<p><strong>Flexsis Locarno: dove il lavoro diventa umano. <\/strong><strong>Per davvero.<\/strong><\/p>\n\n\n\n<figure class=\"wp-block-image size-large\"><img loading=\"lazy\" decoding=\"async\" width=\"1024\" height=\"683\" src=\"https:\/\/www.flexsis.ch\/wp-content\/uploads\/2025\/08\/Erica-Auguadro-1024x683.jpg\" alt=\"\" class=\"wp-image-2106\" srcset=\"https:\/\/www.flexsis.ch\/wp-content\/uploads\/2025\/08\/Erica-Auguadro-1024x683.jpg 1024w, https:\/\/www.flexsis.ch\/wp-content\/uploads\/2025\/08\/Erica-Auguadro-300x200.jpg 300w, https:\/\/www.flexsis.ch\/wp-content\/uploads\/2025\/08\/Erica-Auguadro-768x512.jpg 768w, https:\/\/www.flexsis.ch\/wp-content\/uploads\/2025\/08\/Erica-Auguadro-1536x1025.jpg 1536w, https:\/\/www.flexsis.ch\/wp-content\/uploads\/2025\/08\/Erica-Auguadro-2048x1366.jpg 2048w\" sizes=\"auto, (max-width: 1024px) 100vw, 1024px\" \/><figcaption class=\"wp-element-caption\">Erica Auguadro, Responsabile di succursale<\/figcaption><\/figure>\n\n\n\n<figure class=\"wp-block-image size-large\"><img loading=\"lazy\" decoding=\"async\" width=\"1024\" height=\"683\" src=\"https:\/\/www.flexsis.ch\/wp-content\/uploads\/2025\/08\/Elena-Ferrari-1024x683.jpg\" alt=\"\" class=\"wp-image-2098\" srcset=\"https:\/\/www.flexsis.ch\/wp-content\/uploads\/2025\/08\/Elena-Ferrari-1024x683.jpg 1024w, https:\/\/www.flexsis.ch\/wp-content\/uploads\/2025\/08\/Elena-Ferrari-300x200.jpg 300w, https:\/\/www.flexsis.ch\/wp-content\/uploads\/2025\/08\/Elena-Ferrari-768x512.jpg 768w, https:\/\/www.flexsis.ch\/wp-content\/uploads\/2025\/08\/Elena-Ferrari-1536x1025.jpg 1536w, https:\/\/www.flexsis.ch\/wp-content\/uploads\/2025\/08\/Elena-Ferrari-2048x1366.jpg 2048w\" sizes=\"auto, (max-width: 1024px) 100vw, 1024px\" \/><figcaption class=\"wp-element-caption\">Elena Ferrari, Consulente<\/figcaption><\/figure>\n\n\n\n<figure class=\"wp-block-image size-large\"><img loading=\"lazy\" decoding=\"async\" width=\"1024\" height=\"683\" src=\"https:\/\/www.flexsis.ch\/wp-content\/uploads\/2025\/08\/Filippo-Gasparini-1024x683.jpg\" alt=\"\" class=\"wp-image-2110\" srcset=\"https:\/\/www.flexsis.ch\/wp-content\/uploads\/2025\/08\/Filippo-Gasparini-1024x683.jpg 1024w, https:\/\/www.flexsis.ch\/wp-content\/uploads\/2025\/08\/Filippo-Gasparini-300x200.jpg 300w, https:\/\/www.flexsis.ch\/wp-content\/uploads\/2025\/08\/Filippo-Gasparini-768x512.jpg 768w, https:\/\/www.flexsis.ch\/wp-content\/uploads\/2025\/08\/Filippo-Gasparini-1536x1025.jpg 1536w, https:\/\/www.flexsis.ch\/wp-content\/uploads\/2025\/08\/Filippo-Gasparini-2048x1366.jpg 2048w\" sizes=\"auto, (max-width: 1024px) 100vw, 1024px\" \/><figcaption class=\"wp-element-caption\">Filippo Gasparini, Consulente<\/figcaption><\/figure>\n\n\n\n<figure class=\"wp-block-image size-large\"><img loading=\"lazy\" decoding=\"async\" width=\"1024\" height=\"683\" src=\"https:\/\/www.flexsis.ch\/wp-content\/uploads\/2025\/08\/Eleonora-De-Luca-1024x683.jpg\" alt=\"\" class=\"wp-image-2102\" srcset=\"https:\/\/www.flexsis.ch\/wp-content\/uploads\/2025\/08\/Eleonora-De-Luca-1024x683.jpg 1024w, https:\/\/www.flexsis.ch\/wp-content\/uploads\/2025\/08\/Eleonora-De-Luca-300x200.jpg 300w, https:\/\/www.flexsis.ch\/wp-content\/uploads\/2025\/08\/Eleonora-De-Luca-768x512.jpg 768w, https:\/\/www.flexsis.ch\/wp-content\/uploads\/2025\/08\/Eleonora-De-Luca-1536x1025.jpg 1536w, https:\/\/www.flexsis.ch\/wp-content\/uploads\/2025\/08\/Eleonora-De-Luca-2048x1366.jpg 2048w\" sizes=\"auto, (max-width: 1024px) 100vw, 1024px\" \/><figcaption class=\"wp-element-caption\">Eleonora De Luca, Assistente amministrativa<\/figcaption><\/figure>\n\n\n\n<figure class=\"wp-block-image size-large\"><img loading=\"lazy\" decoding=\"async\" width=\"1024\" height=\"684\" src=\"https:\/\/www.flexsis.ch\/wp-content\/uploads\/2025\/08\/Serena-Santomenna-1-1024x684.jpg\" alt=\"\" class=\"wp-image-2118\" srcset=\"https:\/\/www.flexsis.ch\/wp-content\/uploads\/2025\/08\/Serena-Santomenna-1-1024x684.jpg 1024w, https:\/\/www.flexsis.ch\/wp-content\/uploads\/2025\/08\/Serena-Santomenna-1-300x200.jpg 300w, https:\/\/www.flexsis.ch\/wp-content\/uploads\/2025\/08\/Serena-Santomenna-1-768x513.jpg 768w, https:\/\/www.flexsis.ch\/wp-content\/uploads\/2025\/08\/Serena-Santomenna-1-1536x1025.jpg 1536w, https:\/\/www.flexsis.ch\/wp-content\/uploads\/2025\/08\/Serena-Santomenna-1-2048x1367.jpg 2048w\" sizes=\"auto, (max-width: 1024px) 100vw, 1024px\" \/><figcaption class=\"wp-element-caption\">Serena Santomenna, Assistente amministrativa<\/figcaption><\/figure>\n","protected":false},"excerpt":{"rendered":"<p>A Locarno, ai margini della piazza Grande e lontano dai riflettori, c\u2019\u00e8 una squadra che lavora nell\u2019ombra. Non per timidezza, ma per scelta. Flexsis Locarno \u00e8 uno di quei luoghi rari in cui l\u2019intermediazione del lavoro non \u00e8 un automatismo, ma un gesto di responsabilit\u00e0. Dove ogni colloquio \u00e8 un incontro. Ogni assegnazione, una promessa [&#8230;]<\/p>\n<p><a class=\"btn btn-secondary understrap-read-more-link\" href=\"https:\/\/www.flexsis.ch\/it\/flexsis-locarno-dove-lurgenza-del-lavoro-incontra-il-coraggio-delle-persone\/\">Leggi di pi\u00f9&#8230;<span class=\"screen-reader-text\"> from Flexsis Locarno: dove l\u2019urgenza del lavoro incontra il coraggio delle persone<\/span><\/a><\/p>\n","protected":false},"author":9,"featured_media":2017,"comment_status":"closed","ping_status":"open","sticky":false,"template":"","format":"standard","meta":{"_monsterinsights_skip_tracking":false,"_monsterinsights_sitenote_active":false,"_monsterinsights_sitenote_note":"","_monsterinsights_sitenote_category":0,"footnotes":""},"categories":[45],"tags":[],"class_list":["post-1982","post","type-post","status-publish","format-standard","has-post-thumbnail","hentry","category-blog-3"],"yoast_head":"<!-- This site is optimized with the Yoast SEO plugin v26.9 - https:\/\/yoast.com\/product\/yoast-seo-wordpress\/ -->\n<title>Flexsis<\/title>\n<meta name=\"description\" content=\"A Locarno, ai margini della piazza Grande e lontano dai riflettori, c\u2019\u00e8 una squadra che lavora nell\u2019ombra. Non per timidezza, ma per scelta. Flexsis Locarno \u00e8 uno di quei luoghi rari in cui l\u2019intermediazione del lavoro non \u00e8 un automatismo, ma un gesto di responsabilit\u00e0. Dove ogni colloquio \u00e8 un incontro. Ogni assegnazione, una promessa di fiducia. Ogni storia, una piccola rivoluzione.\" \/>\n<meta name=\"robots\" content=\"index, follow, max-snippet:-1, max-image-preview:large, max-video-preview:-1\" \/>\n<link rel=\"canonical\" href=\"https:\/\/www.flexsis.ch\/it\/flexsis-locarno-dove-lurgenza-del-lavoro-incontra-il-coraggio-delle-persone\/\" \/>\n<meta property=\"og:locale\" content=\"it_IT\" \/>\n<meta property=\"og:type\" content=\"article\" \/>\n<meta property=\"og:title\" content=\"Flexsis Locarno: dove l\u2019urgenza del lavoro incontra il coraggio delle persone - Flexsis\" \/>\n<meta property=\"og:description\" content=\"A Locarno, ai margini della piazza Grande e lontano dai riflettori, c\u2019\u00e8 una squadra che lavora nell\u2019ombra. Non per timidezza, ma per scelta. Flexsis Locarno \u00e8 uno di quei luoghi rari in cui l\u2019intermediazione del lavoro non \u00e8 un automatismo, ma un gesto di responsabilit\u00e0. Dove ogni colloquio \u00e8 un incontro. Ogni assegnazione, una promessa di fiducia. Ogni storia, una piccola rivoluzione.\" \/>\n<meta property=\"og:url\" content=\"https:\/\/www.flexsis.ch\/it\/flexsis-locarno-dove-lurgenza-del-lavoro-incontra-il-coraggio-delle-persone\/\" \/>\n<meta property=\"og:site_name\" content=\"Flexsis\" \/>\n<meta property=\"article:published_time\" content=\"2025-09-02T09:00:00+00:00\" \/>\n<meta property=\"og:image\" content=\"https:\/\/www.flexsis.ch\/wp-content\/uploads\/2025\/08\/Team-Locarno-scaled.jpg\" \/>\n\t<meta property=\"og:image:width\" content=\"2560\" \/>\n\t<meta property=\"og:image:height\" content=\"1708\" \/>\n\t<meta property=\"og:image:type\" content=\"image\/jpeg\" \/>\n<meta name=\"author\" content=\"Marketing\" \/>\n<meta name=\"twitter:card\" content=\"summary_large_image\" \/>\n<meta name=\"twitter:label1\" content=\"Scritto da\" \/>\n\t<meta name=\"twitter:data1\" content=\"Marketing\" \/>\n\t<meta name=\"twitter:label2\" content=\"Tempo di lettura stimato\" \/>\n\t<meta name=\"twitter:data2\" content=\"7 minuti\" \/>\n<script type=\"application\/ld+json\" class=\"yoast-schema-graph\">{\"@context\":\"https:\/\/schema.org\",\"@graph\":[{\"@type\":\"Article\",\"@id\":\"https:\/\/www.flexsis.ch\/it\/flexsis-locarno-dove-lurgenza-del-lavoro-incontra-il-coraggio-delle-persone\/#article\",\"isPartOf\":{\"@id\":\"https:\/\/www.flexsis.ch\/it\/flexsis-locarno-dove-lurgenza-del-lavoro-incontra-il-coraggio-delle-persone\/\"},\"author\":{\"name\":\"Marketing\",\"@id\":\"https:\/\/www.flexsis.ch\/it\/#\/schema\/person\/1dfa8c391bdaadc11874cd92abff18be\"},\"headline\":\"Flexsis Locarno: dove l\u2019urgenza del lavoro incontra il coraggio delle persone\",\"datePublished\":\"2025-09-02T09:00:00+00:00\",\"mainEntityOfPage\":{\"@id\":\"https:\/\/www.flexsis.ch\/it\/flexsis-locarno-dove-lurgenza-del-lavoro-incontra-il-coraggio-delle-persone\/\"},\"wordCount\":1019,\"publisher\":{\"@id\":\"https:\/\/www.flexsis.ch\/it\/#organization\"},\"image\":{\"@id\":\"https:\/\/www.flexsis.ch\/it\/flexsis-locarno-dove-lurgenza-del-lavoro-incontra-il-coraggio-delle-persone\/#primaryimage\"},\"thumbnailUrl\":\"https:\/\/www.flexsis.ch\/wp-content\/uploads\/2025\/08\/Team-Locarno-scaled.jpg\",\"articleSection\":[\"Blog\"],\"inLanguage\":\"it-IT\"},{\"@type\":\"WebPage\",\"@id\":\"https:\/\/www.flexsis.ch\/it\/flexsis-locarno-dove-lurgenza-del-lavoro-incontra-il-coraggio-delle-persone\/\",\"url\":\"https:\/\/www.flexsis.ch\/it\/flexsis-locarno-dove-lurgenza-del-lavoro-incontra-il-coraggio-delle-persone\/\",\"name\":\"Flexsis Locarno: dove l\u2019urgenza del lavoro incontra il coraggio delle persone - Flexsis\",\"isPartOf\":{\"@id\":\"https:\/\/www.flexsis.ch\/it\/#website\"},\"primaryImageOfPage\":{\"@id\":\"https:\/\/www.flexsis.ch\/it\/flexsis-locarno-dove-lurgenza-del-lavoro-incontra-il-coraggio-delle-persone\/#primaryimage\"},\"image\":{\"@id\":\"https:\/\/www.flexsis.ch\/it\/flexsis-locarno-dove-lurgenza-del-lavoro-incontra-il-coraggio-delle-persone\/#primaryimage\"},\"thumbnailUrl\":\"https:\/\/www.flexsis.ch\/wp-content\/uploads\/2025\/08\/Team-Locarno-scaled.jpg\",\"datePublished\":\"2025-09-02T09:00:00+00:00\",\"description\":\"A Locarno, ai margini della piazza Grande e lontano dai riflettori, c\u2019\u00e8 una squadra che lavora nell\u2019ombra. Non per timidezza, ma per scelta. Flexsis Locarno \u00e8 uno di quei luoghi rari in cui l\u2019intermediazione del lavoro non \u00e8 un automatismo, ma un gesto di responsabilit\u00e0. Dove ogni colloquio \u00e8 un incontro. Ogni assegnazione, una promessa di fiducia. Ogni storia, una piccola rivoluzione.\",\"breadcrumb\":{\"@id\":\"https:\/\/www.flexsis.ch\/it\/flexsis-locarno-dove-lurgenza-del-lavoro-incontra-il-coraggio-delle-persone\/#breadcrumb\"},\"inLanguage\":\"it-IT\",\"potentialAction\":[{\"@type\":\"ReadAction\",\"target\":[\"https:\/\/www.flexsis.ch\/it\/flexsis-locarno-dove-lurgenza-del-lavoro-incontra-il-coraggio-delle-persone\/\"]}]},{\"@type\":\"ImageObject\",\"inLanguage\":\"it-IT\",\"@id\":\"https:\/\/www.flexsis.ch\/it\/flexsis-locarno-dove-lurgenza-del-lavoro-incontra-il-coraggio-delle-persone\/#primaryimage\",\"url\":\"https:\/\/www.flexsis.ch\/wp-content\/uploads\/2025\/08\/Team-Locarno-scaled.jpg\",\"contentUrl\":\"https:\/\/www.flexsis.ch\/wp-content\/uploads\/2025\/08\/Team-Locarno-scaled.jpg\",\"width\":2560,\"height\":1708},{\"@type\":\"BreadcrumbList\",\"@id\":\"https:\/\/www.flexsis.ch\/it\/flexsis-locarno-dove-lurgenza-del-lavoro-incontra-il-coraggio-delle-persone\/#breadcrumb\",\"itemListElement\":[{\"@type\":\"ListItem\",\"position\":1,\"name\":\"Accueil\",\"item\":\"https:\/\/www.flexsis.ch\/it\/\"},{\"@type\":\"ListItem\",\"position\":2,\"name\":\"Flexsis Locarno: dove l\u2019urgenza del lavoro incontra il coraggio delle persone\"}]},{\"@type\":\"WebSite\",\"@id\":\"https:\/\/www.flexsis.ch\/it\/#website\",\"url\":\"https:\/\/www.flexsis.ch\/it\/\",\"name\":\"Flexsis\",\"description\":\"specialisti in offerte di lavoro e reclutamento nell'industria, nella costruzione, nella logistica e nella farmaceutica\",\"publisher\":{\"@id\":\"https:\/\/www.flexsis.ch\/it\/#organization\"},\"potentialAction\":[{\"@type\":\"SearchAction\",\"target\":{\"@type\":\"EntryPoint\",\"urlTemplate\":\"https:\/\/www.flexsis.ch\/it\/?s={search_term_string}\"},\"query-input\":{\"@type\":\"PropertyValueSpecification\",\"valueRequired\":true,\"valueName\":\"search_term_string\"}}],\"inLanguage\":\"it-IT\"},{\"@type\":\"Organization\",\"@id\":\"https:\/\/www.flexsis.ch\/it\/#organization\",\"name\":\"Flexsis\",\"url\":\"https:\/\/www.flexsis.ch\/it\/\",\"logo\":{\"@type\":\"ImageObject\",\"inLanguage\":\"it-IT\",\"@id\":\"https:\/\/www.flexsis.ch\/it\/#\/schema\/logo\/image\/\",\"url\":\"https:\/\/www.flexsis.ch\/wp-content\/uploads\/2024\/02\/flexsis_696x696.jpg\",\"contentUrl\":\"https:\/\/www.flexsis.ch\/wp-content\/uploads\/2024\/02\/flexsis_696x696.jpg\",\"width\":696,\"height\":696,\"caption\":\"Flexsis\"},\"image\":{\"@id\":\"https:\/\/www.flexsis.ch\/it\/#\/schema\/logo\/image\/\"}},{\"@type\":\"Person\",\"@id\":\"https:\/\/www.flexsis.ch\/it\/#\/schema\/person\/1dfa8c391bdaadc11874cd92abff18be\",\"name\":\"Marketing\",\"url\":\"https:\/\/www.flexsis.ch\/it\/author\/teammarketing\/\"}]}<\/script>\n<!-- \/ Yoast SEO plugin. -->","yoast_head_json":{"title":"Flexsis","description":"A Locarno, ai margini della piazza Grande e lontano dai riflettori, c\u2019\u00e8 una squadra che lavora nell\u2019ombra. Non per timidezza, ma per scelta. Flexsis Locarno \u00e8 uno di quei luoghi rari in cui l\u2019intermediazione del lavoro non \u00e8 un automatismo, ma un gesto di responsabilit\u00e0. Dove ogni colloquio \u00e8 un incontro. Ogni assegnazione, una promessa di fiducia. Ogni storia, una piccola rivoluzione.","robots":{"index":"index","follow":"follow","max-snippet":"max-snippet:-1","max-image-preview":"max-image-preview:large","max-video-preview":"max-video-preview:-1"},"canonical":"https:\/\/www.flexsis.ch\/it\/flexsis-locarno-dove-lurgenza-del-lavoro-incontra-il-coraggio-delle-persone\/","og_locale":"it_IT","og_type":"article","og_title":"Flexsis Locarno: dove l\u2019urgenza del lavoro incontra il coraggio delle persone - Flexsis","og_description":"A Locarno, ai margini della piazza Grande e lontano dai riflettori, c\u2019\u00e8 una squadra che lavora nell\u2019ombra. Non per timidezza, ma per scelta. Flexsis Locarno \u00e8 uno di quei luoghi rari in cui l\u2019intermediazione del lavoro non \u00e8 un automatismo, ma un gesto di responsabilit\u00e0. Dove ogni colloquio \u00e8 un incontro. Ogni assegnazione, una promessa di fiducia. Ogni storia, una piccola rivoluzione.","og_url":"https:\/\/www.flexsis.ch\/it\/flexsis-locarno-dove-lurgenza-del-lavoro-incontra-il-coraggio-delle-persone\/","og_site_name":"Flexsis","article_published_time":"2025-09-02T09:00:00+00:00","og_image":[{"width":2560,"height":1708,"url":"https:\/\/www.flexsis.ch\/wp-content\/uploads\/2025\/08\/Team-Locarno-scaled.jpg","type":"image\/jpeg"}],"author":"Marketing","twitter_card":"summary_large_image","twitter_misc":{"Scritto da":"Marketing","Tempo di lettura stimato":"7 minuti"},"schema":{"@context":"https:\/\/schema.org","@graph":[{"@type":"Article","@id":"https:\/\/www.flexsis.ch\/it\/flexsis-locarno-dove-lurgenza-del-lavoro-incontra-il-coraggio-delle-persone\/#article","isPartOf":{"@id":"https:\/\/www.flexsis.ch\/it\/flexsis-locarno-dove-lurgenza-del-lavoro-incontra-il-coraggio-delle-persone\/"},"author":{"name":"Marketing","@id":"https:\/\/www.flexsis.ch\/it\/#\/schema\/person\/1dfa8c391bdaadc11874cd92abff18be"},"headline":"Flexsis Locarno: dove l\u2019urgenza del lavoro incontra il coraggio delle persone","datePublished":"2025-09-02T09:00:00+00:00","mainEntityOfPage":{"@id":"https:\/\/www.flexsis.ch\/it\/flexsis-locarno-dove-lurgenza-del-lavoro-incontra-il-coraggio-delle-persone\/"},"wordCount":1019,"publisher":{"@id":"https:\/\/www.flexsis.ch\/it\/#organization"},"image":{"@id":"https:\/\/www.flexsis.ch\/it\/flexsis-locarno-dove-lurgenza-del-lavoro-incontra-il-coraggio-delle-persone\/#primaryimage"},"thumbnailUrl":"https:\/\/www.flexsis.ch\/wp-content\/uploads\/2025\/08\/Team-Locarno-scaled.jpg","articleSection":["Blog"],"inLanguage":"it-IT"},{"@type":"WebPage","@id":"https:\/\/www.flexsis.ch\/it\/flexsis-locarno-dove-lurgenza-del-lavoro-incontra-il-coraggio-delle-persone\/","url":"https:\/\/www.flexsis.ch\/it\/flexsis-locarno-dove-lurgenza-del-lavoro-incontra-il-coraggio-delle-persone\/","name":"Flexsis Locarno: dove l\u2019urgenza del lavoro incontra il coraggio delle persone - Flexsis","isPartOf":{"@id":"https:\/\/www.flexsis.ch\/it\/#website"},"primaryImageOfPage":{"@id":"https:\/\/www.flexsis.ch\/it\/flexsis-locarno-dove-lurgenza-del-lavoro-incontra-il-coraggio-delle-persone\/#primaryimage"},"image":{"@id":"https:\/\/www.flexsis.ch\/it\/flexsis-locarno-dove-lurgenza-del-lavoro-incontra-il-coraggio-delle-persone\/#primaryimage"},"thumbnailUrl":"https:\/\/www.flexsis.ch\/wp-content\/uploads\/2025\/08\/Team-Locarno-scaled.jpg","datePublished":"2025-09-02T09:00:00+00:00","description":"A Locarno, ai margini della piazza Grande e lontano dai riflettori, c\u2019\u00e8 una squadra che lavora nell\u2019ombra. Non per timidezza, ma per scelta. Flexsis Locarno \u00e8 uno di quei luoghi rari in cui l\u2019intermediazione del lavoro non \u00e8 un automatismo, ma un gesto di responsabilit\u00e0. Dove ogni colloquio \u00e8 un incontro. Ogni assegnazione, una promessa di fiducia. Ogni storia, una piccola rivoluzione.","breadcrumb":{"@id":"https:\/\/www.flexsis.ch\/it\/flexsis-locarno-dove-lurgenza-del-lavoro-incontra-il-coraggio-delle-persone\/#breadcrumb"},"inLanguage":"it-IT","potentialAction":[{"@type":"ReadAction","target":["https:\/\/www.flexsis.ch\/it\/flexsis-locarno-dove-lurgenza-del-lavoro-incontra-il-coraggio-delle-persone\/"]}]},{"@type":"ImageObject","inLanguage":"it-IT","@id":"https:\/\/www.flexsis.ch\/it\/flexsis-locarno-dove-lurgenza-del-lavoro-incontra-il-coraggio-delle-persone\/#primaryimage","url":"https:\/\/www.flexsis.ch\/wp-content\/uploads\/2025\/08\/Team-Locarno-scaled.jpg","contentUrl":"https:\/\/www.flexsis.ch\/wp-content\/uploads\/2025\/08\/Team-Locarno-scaled.jpg","width":2560,"height":1708},{"@type":"BreadcrumbList","@id":"https:\/\/www.flexsis.ch\/it\/flexsis-locarno-dove-lurgenza-del-lavoro-incontra-il-coraggio-delle-persone\/#breadcrumb","itemListElement":[{"@type":"ListItem","position":1,"name":"Accueil","item":"https:\/\/www.flexsis.ch\/it\/"},{"@type":"ListItem","position":2,"name":"Flexsis Locarno: dove l\u2019urgenza del lavoro incontra il coraggio delle persone"}]},{"@type":"WebSite","@id":"https:\/\/www.flexsis.ch\/it\/#website","url":"https:\/\/www.flexsis.ch\/it\/","name":"Flexsis","description":"specialisti in offerte di lavoro e reclutamento nell'industria, nella costruzione, nella logistica e nella farmaceutica","publisher":{"@id":"https:\/\/www.flexsis.ch\/it\/#organization"},"potentialAction":[{"@type":"SearchAction","target":{"@type":"EntryPoint","urlTemplate":"https:\/\/www.flexsis.ch\/it\/?s={search_term_string}"},"query-input":{"@type":"PropertyValueSpecification","valueRequired":true,"valueName":"search_term_string"}}],"inLanguage":"it-IT"},{"@type":"Organization","@id":"https:\/\/www.flexsis.ch\/it\/#organization","name":"Flexsis","url":"https:\/\/www.flexsis.ch\/it\/","logo":{"@type":"ImageObject","inLanguage":"it-IT","@id":"https:\/\/www.flexsis.ch\/it\/#\/schema\/logo\/image\/","url":"https:\/\/www.flexsis.ch\/wp-content\/uploads\/2024\/02\/flexsis_696x696.jpg","contentUrl":"https:\/\/www.flexsis.ch\/wp-content\/uploads\/2024\/02\/flexsis_696x696.jpg","width":696,"height":696,"caption":"Flexsis"},"image":{"@id":"https:\/\/www.flexsis.ch\/it\/#\/schema\/logo\/image\/"}},{"@type":"Person","@id":"https:\/\/www.flexsis.ch\/it\/#\/schema\/person\/1dfa8c391bdaadc11874cd92abff18be","name":"Marketing","url":"https:\/\/www.flexsis.ch\/it\/author\/teammarketing\/"}]}},"_links":{"self":[{"href":"https:\/\/www.flexsis.ch\/it\/wp-json\/wp\/v2\/posts\/1982","targetHints":{"allow":["GET"]}}],"collection":[{"href":"https:\/\/www.flexsis.ch\/it\/wp-json\/wp\/v2\/posts"}],"about":[{"href":"https:\/\/www.flexsis.ch\/it\/wp-json\/wp\/v2\/types\/post"}],"author":[{"embeddable":true,"href":"https:\/\/www.flexsis.ch\/it\/wp-json\/wp\/v2\/users\/9"}],"replies":[{"embeddable":true,"href":"https:\/\/www.flexsis.ch\/it\/wp-json\/wp\/v2\/comments?post=1982"}],"version-history":[{"count":3,"href":"https:\/\/www.flexsis.ch\/it\/wp-json\/wp\/v2\/posts\/1982\/revisions"}],"predecessor-version":[{"id":2122,"href":"https:\/\/www.flexsis.ch\/it\/wp-json\/wp\/v2\/posts\/1982\/revisions\/2122"}],"wp:featuredmedia":[{"embeddable":true,"href":"https:\/\/www.flexsis.ch\/it\/wp-json\/wp\/v2\/media\/2017"}],"wp:attachment":[{"href":"https:\/\/www.flexsis.ch\/it\/wp-json\/wp\/v2\/media?parent=1982"}],"wp:term":[{"taxonomy":"category","embeddable":true,"href":"https:\/\/www.flexsis.ch\/it\/wp-json\/wp\/v2\/categories?post=1982"},{"taxonomy":"post_tag","embeddable":true,"href":"https:\/\/www.flexsis.ch\/it\/wp-json\/wp\/v2\/tags?post=1982"}],"curies":[{"name":"wp","href":"https:\/\/api.w.org\/{rel}","templated":true}]}}