{"id":2227,"date":"2025-12-03T11:50:15","date_gmt":"2025-12-03T10:50:15","guid":{"rendered":"https:\/\/www.flexsis.ch\/?p=2227"},"modified":"2025-12-03T18:00:46","modified_gmt":"2025-12-03T17:00:46","slug":"flexsis-coira-dove-lingue-persone-e-opportunita-si-incontrano","status":"publish","type":"post","link":"https:\/\/www.flexsis.ch\/it\/flexsis-coira-dove-lingue-persone-e-opportunita-si-incontrano\/","title":{"rendered":"Flexsis Coira: dove lingue, persone e opportunit\u00e0 si incontrano"},"content":{"rendered":"\n<p>Tra le montagne, i capannoni industriali e le officine si trova una giovane, ma determinata filiale: Flexsis Coira. Dal 2024 fa parte della rete nazionale ed \u00e8 subentrata all\u2019ex agenzia del personale globale, portando una ventata di aria fresca nel mercato del lavoro della Svizzera sudorientale. Questa filiale \u00e8 un punto di incontro tra competenza professionale e cordialit\u00e0, esperienza e nuovi inizi. Flexsis Coira \u00e8 pi\u00f9 di una filiale: \u00e8 un anello di congiunzione tra regioni, lingue e persone.<\/p>\n\n\n\n<h5 class=\"wp-block-heading\"><strong>Un crocevia per talenti e aziende<\/strong><\/h5>\n\n\n\n<p>\u00abSiamo nel cuore della realt\u00e0 del mercato\u00bb, afferma Claudio Vai, che dirige la filiale. \u00abDall\u2019industria alla logistica, dall\u2019edilizia primaria e secondaria ai profili tecnici e commerciali fino ai quadri intermedi, ci occupiamo di tutti gli aspetti dell\u2019economia locale.\u00bb<\/p>\n\n\n\n<p>Coira non \u00e8 una mera zona industriale, ma una regione variegata: un territorio al confine con il Liechtenstein, collegato alle valli di montagna grigionesi e all\u2019Italia settentrionale. Questa mescolanza geografica caratterizza anche il lavoro del team. La regionalit\u00e0 non \u00e8 solo una strategia, ma anche una realt\u00e0 di vita.<\/p>\n\n\n\n<p>La rete \u00e8 ampia. Molte persone si candidano mediante l\u2019URC, tramite piattaforme o semplicemente a seguito di una raccomandazione. In una regione in cui tutti si conoscono, parlare a tu per tu conta pi\u00f9 di qualsiasi algoritmo.<\/p>\n\n\n\n<h5 class=\"wp-block-heading\"><strong>Servizi a 360\u00b0 per il territorio<\/strong><\/h5>\n\n\n\n<p>Flexsis Coira offre un\u2019intera gamma di servizi legati a una consulenza HR moderna: lavoro temporaneo, modelli Try &amp; Hire, impieghi fissi, e per aziende pi\u00f9 grandi anche soluzioni on-site o modelli Master Vendor.<\/p>\n\n\n\n<p>Al momento \u00e8 particolarmente richiesto il passaggio da impiego temporaneo a fisso: soluzioni rapide e flessibili con prospettive future. \u00abNon vogliamo solo servire le aziende, ma anche supportarle\u00bb, dichiara Vai. \u00abChe si sia alla ricerca di qualcuno per tre giorni o tre anni, ci\u00f2 che conta \u00e8 che la persona e il posto di lavoro siano in linea tra loro.\u00bb<\/p>\n\n\n\n<figure class=\"wp-block-embed is-provider-youtube wp-block-embed-youtube\"><div class=\"wp-block-embed__wrapper\">\n<iframe loading=\"lazy\" title=\"Flexsis Chur: nah am Markt, nah an den Menschen\" width=\"640\" height=\"360\" src=\"https:\/\/www.youtube.com\/embed\/h4AkP1rstOc?feature=oembed\" frameborder=\"0\" allow=\"accelerometer; autoplay; clipboard-write; encrypted-media; gyroscope; picture-in-picture; web-share\" referrerpolicy=\"strict-origin-when-cross-origin\" allowfullscreen><\/iframe>\n<\/div><\/figure>\n\n\n\n<h5 class=\"wp-block-heading\"><strong>Un mercato del lavoro in trasformazione<\/strong><\/h5>\n\n\n\n<p>Il settore industriale nella Svizzera sudorientale \u00e8 cambiato. I volumi di produzione stanno diminuendo a fronte di una persistente carenza di competenze. Stanno nascendo nuovi profili professionali, ad esempio nel settore della tecnologia solare e della logistica di supporto IT. \u00abVediamo che le aziende crescono, ma le persone di cui le imprese hanno bisogno mancano\u00bb, spiega Vai. \u00abPer questo non ci limitiamo a fornire supporto, ma contribuiamo anche alla formazione, ad esempio con corsi per carrelliste e carrellisti, corsi sulla sicurezza e formazioni specialistiche nel settore edile.\u00bb<\/p>\n\n\n\n<p>Questi cambiamenti influenzano anche il modo in cui Flexsis Coira lavora e ascolta. La filiale supporta le persone candidate in modo mirato con corsi di formazione per aiutarle a soddisfare i requisiti del mondo del lavoro. Chi lavora come addetta o addetto alla logistica pu\u00f2 conseguire un patentino da carrellista. Nell\u2019edilizia vengono organizzati corsi per gruiste e gruisti. \u00abCos\u00ec facendo, creiamo opportunit\u00e0 dove prima c\u2019erano dei limiti.\u00bb<\/p>\n\n\n\n<h5 class=\"wp-block-heading\"><strong>Dialogo, presenza e assistenza a lungo termine<\/strong><\/h5>\n\n\n\n<p>Ogni incarico inizia con un primo colloquio, spesso nella sede della clientela. Il team visita cantieri, capannoni e uffici per farsi un\u2019idea del luogo di lavoro. \u00c8 l\u2019unico modo per comprendere con precisione aspettative, cultura e requisiti. In seguito si pubblicano gli annunci, si attivano le reti e si contattano in modo mirato le persone candidate.<\/p>\n\n\n\n<p>Al momento del colloquio con le persone candidate si entra nello specifico: punti di forza, obiettivi, conoscenze linguistiche e motivazione sono oggetto di attenta verifica. Solo se il profilo e la personalit\u00e0 sono adeguati verr\u00e0 avanzata una proposta. Dopo l\u2019assunzione si continua a rimanere in contatto: nell\u2019ambito degli impieghi fissi, il team svolge regolarmente colloqui di feedback dopo uno, tre e sei mesi. Anche il personale temporaneo viene seguito da vicino con un colloquio settimanale, visite sul posto e una comunicazione aperta.<br>\u00abChiediamo se va tutto bene. Se qualcuno non \u00e8 soddisfatto o ha bisogno di aiuto, ci attiviamo immediatamente\u00bb, afferma Vai. \u00abCos\u00ec si crea un legame, e su questa base si instaura un rapporto di fedelt\u00e0.\u00bb<\/p>\n\n\n\n<h5 class=\"wp-block-heading\"><strong>Mentalit\u00e0 flessibile, operato lungimirante<\/strong><\/h5>\n\n\n\n<p>A Coira il nome \u00abFlexsis\u00bb non potrebbe essere pi\u00f9 azzeccato. In questa filiale, flessibilit\u00e0 non significa frenesia, ma adattabilit\u00e0. Il team osserva il mercato, individua in anticipo le tendenze e impara. Quando nasce una nuova professione come quella della montatrice e del montatore di impianti solari, la filiale segue corsi di formazione per acquisire competenze specialistiche e poter cos\u00ec interloquire alla pari con clientela e persone candidate.<\/p>\n\n\n\n<p>Le aziende apprezzano questo approccio lungimirante. Sanno infatti che a Coira non ci si limita a reclutare personale, ma si ragiona e si riflette. Dallo sviluppo di una nuova linea di produzione al passaggio all\u2019e-commerce, Flexsis Coira \u00e8 presente, parla la lingua delle aziende e comprende le sfide.<\/p>\n\n\n\n<figure class=\"wp-block-embed is-provider-youtube wp-block-embed-youtube\"><div class=\"wp-block-embed__wrapper\">\n<iframe loading=\"lazy\" title=\"Flexsis Chur: Ihr Partner f\u00fcr neue berufliche Perspektiven\" width=\"640\" height=\"360\" src=\"https:\/\/www.youtube.com\/embed\/8lOkYaXQHIQ?feature=oembed\" frameborder=\"0\" allow=\"accelerometer; autoplay; clipboard-write; encrypted-media; gyroscope; picture-in-picture; web-share\" referrerpolicy=\"strict-origin-when-cross-origin\" allowfullscreen><\/iframe>\n<\/div><\/figure>\n\n\n\n<h5 class=\"wp-block-heading\"><strong>Storie di successo emozionanti<\/strong><\/h5>\n\n\n\n<p>Una delle pi\u00f9 recenti storie di successo fa capire cosa rende speciale il team: un\u2019azienda industriale aveva bisogno in breve tempo di personale per la produzione e la logistica. Nel giro di poche settimane Flexsis Coira \u00e8 riuscita a trovare le figure richieste per l\u2019intero reparto, dal personale ausiliario all\u2019assistenza IT di secondo livello. \u00abSiamo stati con il cliente direttamente nel capannone\u00bb, racconta Vai. \u00ab\u00c8 venuto cos\u00ec a crearsi un clima di fiducia. Oggi siamo il loro partner strategico.\u00bb<\/p>\n\n\n\n<p>Anche sul fronte delle persone candidate non mancano storie toccanti. Un uomo che per anni non ha trovato lavoro ha iniziato un nuovo capitolo della sua vita grazie a coaching, consulenza per la candidatura e supporto personale. Una coppia italiana \u00e8 arrivata in Svizzera letteralmente con una valigia e grazie a Flexsis ha trovato lavoro il giorno successivo. E un collaboratore temporaneo impiegato tramite la filiale per 16 anni \u00e8 andato in pensione con il supporto del team. \u00abSono questi i momenti che ci fanno capire che stiamo facendo bene il nostro lavoro\u00bb, afferma Vai. \u00abNon aiutiamo solo le persone a trovare un lavoro. Siamo al loro fianco nel loro percorso di vita.\u00bb<\/p>\n\n\n\n<h5 class=\"wp-block-heading\"><strong>Un team in armonia<\/strong><\/h5>\n\n\n\n<p>Il team a Coira \u00e8 piccolo, ma affiatato ed efficiente. Claudio Vai, Branch Manager, d\u00e0 la propria impronta alla filiale con il suo mix di esperienza, apertura e umanit\u00e0 autentica. Parla italiano, tedesco e inglese e grazie al suo lavoro la responsabilit\u00e0 non \u00e8 suddivisa all\u2019interno del team, ma condivisa da tutti.<\/p>\n\n\n\n<p>Al suo fianco lavora Izabel Vai, Recruiting Consultant e HR Administration. \u00c8 una donna ben organizzata, attenta ai dettagli e nota per la sua capacit\u00e0 di confrontare con notevole precisione profili di lavoro e competenze delle persone candidate, il tutto in tedesco, italiano, portoghese e spagnolo.<\/p>\n\n\n\n<p>Robert Lukac, Junior Consultant e HR Administration, affronta la routine lavorativa con tranquillit\u00e0, affidabilit\u00e0 e pensiero analitico. Fornisce assistenza sia nei profili tecnici che commerciali e garantisce la stabilit\u00e0 e la linearit\u00e0 delle procedure amministrative.<\/p>\n\n\n\n<p>Insieme formano un team in grado di intervenire pi\u00f9 velocemente di quanto non riescano a fare molte filiali pi\u00f9 grandi. \u00abSiamo come un ingranaggio\u00bb, afferma Claudio Vai. \u00abQuando il tempo stringe, tutti sanno subito cosa fare. \u00c8 il nostro punto di forza e motivo di orgoglio.\u00bb<\/p>\n\n\n\n<h5 class=\"wp-block-heading\"><strong>Flexsis Coira: un legame con il territorio e con le persone<\/strong><\/h5>\n\n\n\n<p>Quella fornita a Coira \u00e8 un ottimo esempio di consulenza HR moderna: poggia su solide basi specialistiche, \u00e8 aperta dal punto di vista culturale nonch\u00e9 umanamente disponibile. In questa filiale non solo si parlano pi\u00f9 lingue, ma si comprendono anche le molteplici sfaccettature che caratterizzano il lavoro in questa regione.<\/p>\n\n\n\n<p>Flexsis Coira non \u00e8 un fornitore di servizi anonimo, ma un partner con un volto, una voce e un cuore: un team che ascolta, recluta e cresce con le persone che supporta.<\/p>\n\n\n\n<figure class=\"wp-block-image size-large\"><img loading=\"lazy\" decoding=\"async\" width=\"1024\" height=\"683\" src=\"https:\/\/www.flexsis.ch\/wp-content\/uploads\/2025\/12\/2-1024x683.png\" alt=\"\" class=\"wp-image-2215\" srcset=\"https:\/\/www.flexsis.ch\/wp-content\/uploads\/2025\/12\/2-1024x683.png 1024w, https:\/\/www.flexsis.ch\/wp-content\/uploads\/2025\/12\/2-300x200.png 300w, https:\/\/www.flexsis.ch\/wp-content\/uploads\/2025\/12\/2-768x512.png 768w, https:\/\/www.flexsis.ch\/wp-content\/uploads\/2025\/12\/2-1536x1024.png 1536w, https:\/\/www.flexsis.ch\/wp-content\/uploads\/2025\/12\/2-2048x1365.png 2048w\" sizes=\"auto, (max-width: 1024px) 100vw, 1024px\" \/><figcaption class=\"wp-element-caption\">Claudio Vai, responsabile di succursale<\/figcaption><\/figure>\n\n\n\n<figure class=\"wp-block-image size-large\"><img loading=\"lazy\" decoding=\"async\" width=\"1024\" height=\"683\" src=\"https:\/\/www.flexsis.ch\/wp-content\/uploads\/2025\/12\/3-1024x683.png\" alt=\"\" class=\"wp-image-2219\" srcset=\"https:\/\/www.flexsis.ch\/wp-content\/uploads\/2025\/12\/3-1024x683.png 1024w, https:\/\/www.flexsis.ch\/wp-content\/uploads\/2025\/12\/3-300x200.png 300w, https:\/\/www.flexsis.ch\/wp-content\/uploads\/2025\/12\/3-768x512.png 768w, https:\/\/www.flexsis.ch\/wp-content\/uploads\/2025\/12\/3-1536x1024.png 1536w, https:\/\/www.flexsis.ch\/wp-content\/uploads\/2025\/12\/3-2048x1365.png 2048w\" sizes=\"auto, (max-width: 1024px) 100vw, 1024px\" \/><figcaption class=\"wp-element-caption\">Robert Lukac, Junior Consultant &amp; HR-Administration<\/figcaption><\/figure>\n\n\n\n<p><\/p>\n","protected":false},"excerpt":{"rendered":"<p>Tra le montagne, i capannoni industriali e le officine si trova una giovane, ma determinata filiale: Flexsis Coira. Dal 2024 fa parte della rete nazionale ed \u00e8 subentrata all\u2019ex agenzia del personale globale, portando una ventata di aria fresca nel mercato del lavoro della Svizzera sudorientale. Questa filiale \u00e8 un punto di incontro tra competenza [&#8230;]<\/p>\n<p><a class=\"btn btn-secondary understrap-read-more-link\" href=\"https:\/\/www.flexsis.ch\/it\/flexsis-coira-dove-lingue-persone-e-opportunita-si-incontrano\/\">Leggi di pi\u00f9&#8230;<span class=\"screen-reader-text\"> from Flexsis Coira: dove lingue, persone e opportunit\u00e0 si incontrano<\/span><\/a><\/p>\n","protected":false},"author":9,"featured_media":2207,"comment_status":"closed","ping_status":"open","sticky":false,"template":"","format":"standard","meta":{"_monsterinsights_skip_tracking":false,"_monsterinsights_sitenote_active":false,"_monsterinsights_sitenote_note":"","_monsterinsights_sitenote_category":0,"footnotes":""},"categories":[45],"tags":[],"class_list":["post-2227","post","type-post","status-publish","format-standard","has-post-thumbnail","hentry","category-blog-3"],"yoast_head":"<!-- This site is optimized with the Yoast SEO plugin v26.9 - https:\/\/yoast.com\/product\/yoast-seo-wordpress\/ -->\n<title>Flexsis<\/title>\n<meta name=\"description\" content=\"Tra le montagne, i capannoni industriali e le officine si trova una giovane, ma determinata filiale: Flexsis Coira. Dal 2024 fa parte della rete nazionale ed \u00e8 subentrata all\u2019ex agenzia del personale globale, portando una ventata di aria fresca nel mercato del lavoro della Svizzera sudorientale. Questa filiale \u00e8 un punto di incontro tra competenza professionale e cordialit\u00e0, esperienza e nuovi inizi. Flexsis Coira \u00e8 pi\u00f9 di una filiale: \u00e8 un anello di congiunzione tra regioni, lingue e persone.\" \/>\n<meta name=\"robots\" content=\"index, follow, max-snippet:-1, max-image-preview:large, max-video-preview:-1\" \/>\n<link rel=\"canonical\" href=\"https:\/\/www.flexsis.ch\/it\/flexsis-coira-dove-lingue-persone-e-opportunita-si-incontrano\/\" \/>\n<meta property=\"og:locale\" content=\"it_IT\" \/>\n<meta property=\"og:type\" content=\"article\" \/>\n<meta property=\"og:title\" content=\"Flexsis Coira: dove lingue, persone e opportunit\u00e0 si incontrano - Flexsis\" \/>\n<meta property=\"og:description\" content=\"Tra le montagne, i capannoni industriali e le officine si trova una giovane, ma determinata filiale: Flexsis Coira. Dal 2024 fa parte della rete nazionale ed \u00e8 subentrata all\u2019ex agenzia del personale globale, portando una ventata di aria fresca nel mercato del lavoro della Svizzera sudorientale. Questa filiale \u00e8 un punto di incontro tra competenza professionale e cordialit\u00e0, esperienza e nuovi inizi. Flexsis Coira \u00e8 pi\u00f9 di una filiale: \u00e8 un anello di congiunzione tra regioni, lingue e persone.\" \/>\n<meta property=\"og:url\" content=\"https:\/\/www.flexsis.ch\/it\/flexsis-coira-dove-lingue-persone-e-opportunita-si-incontrano\/\" \/>\n<meta property=\"og:site_name\" content=\"Flexsis\" \/>\n<meta property=\"article:published_time\" content=\"2025-12-03T10:50:15+00:00\" \/>\n<meta property=\"article:modified_time\" content=\"2025-12-03T17:00:46+00:00\" \/>\n<meta property=\"og:image\" content=\"https:\/\/www.flexsis.ch\/wp-content\/uploads\/2025\/12\/1-1024x683.png\" \/>\n\t<meta property=\"og:image:width\" content=\"1024\" \/>\n\t<meta property=\"og:image:height\" content=\"683\" \/>\n\t<meta property=\"og:image:type\" content=\"image\/png\" \/>\n<meta name=\"author\" content=\"Marketing\" \/>\n<meta name=\"twitter:card\" content=\"summary_large_image\" \/>\n<meta name=\"twitter:label1\" content=\"Scritto da\" \/>\n\t<meta name=\"twitter:data1\" content=\"Marketing\" \/>\n\t<meta name=\"twitter:label2\" content=\"Tempo di lettura stimato\" \/>\n\t<meta name=\"twitter:data2\" content=\"8 minuti\" \/>\n<script type=\"application\/ld+json\" class=\"yoast-schema-graph\">{\"@context\":\"https:\/\/schema.org\",\"@graph\":[{\"@type\":\"Article\",\"@id\":\"https:\/\/www.flexsis.ch\/it\/flexsis-coira-dove-lingue-persone-e-opportunita-si-incontrano\/#article\",\"isPartOf\":{\"@id\":\"https:\/\/www.flexsis.ch\/it\/flexsis-coira-dove-lingue-persone-e-opportunita-si-incontrano\/\"},\"author\":{\"name\":\"Marketing\",\"@id\":\"https:\/\/www.flexsis.ch\/it\/#\/schema\/person\/1dfa8c391bdaadc11874cd92abff18be\"},\"headline\":\"Flexsis Coira: dove lingue, persone e opportunit\u00e0 si incontrano\",\"datePublished\":\"2025-12-03T10:50:15+00:00\",\"dateModified\":\"2025-12-03T17:00:46+00:00\",\"mainEntityOfPage\":{\"@id\":\"https:\/\/www.flexsis.ch\/it\/flexsis-coira-dove-lingue-persone-e-opportunita-si-incontrano\/\"},\"wordCount\":1263,\"publisher\":{\"@id\":\"https:\/\/www.flexsis.ch\/it\/#organization\"},\"image\":{\"@id\":\"https:\/\/www.flexsis.ch\/it\/flexsis-coira-dove-lingue-persone-e-opportunita-si-incontrano\/#primaryimage\"},\"thumbnailUrl\":\"https:\/\/www.flexsis.ch\/wp-content\/uploads\/2025\/12\/1-scaled.png\",\"articleSection\":[\"Blog\"],\"inLanguage\":\"it-IT\"},{\"@type\":\"WebPage\",\"@id\":\"https:\/\/www.flexsis.ch\/it\/flexsis-coira-dove-lingue-persone-e-opportunita-si-incontrano\/\",\"url\":\"https:\/\/www.flexsis.ch\/it\/flexsis-coira-dove-lingue-persone-e-opportunita-si-incontrano\/\",\"name\":\"Flexsis Coira: dove lingue, persone e opportunit\u00e0 si incontrano - Flexsis\",\"isPartOf\":{\"@id\":\"https:\/\/www.flexsis.ch\/it\/#website\"},\"primaryImageOfPage\":{\"@id\":\"https:\/\/www.flexsis.ch\/it\/flexsis-coira-dove-lingue-persone-e-opportunita-si-incontrano\/#primaryimage\"},\"image\":{\"@id\":\"https:\/\/www.flexsis.ch\/it\/flexsis-coira-dove-lingue-persone-e-opportunita-si-incontrano\/#primaryimage\"},\"thumbnailUrl\":\"https:\/\/www.flexsis.ch\/wp-content\/uploads\/2025\/12\/1-scaled.png\",\"datePublished\":\"2025-12-03T10:50:15+00:00\",\"dateModified\":\"2025-12-03T17:00:46+00:00\",\"description\":\"Tra le montagne, i capannoni industriali e le officine si trova una giovane, ma determinata filiale: Flexsis Coira. Dal 2024 fa parte della rete nazionale ed \u00e8 subentrata all\u2019ex agenzia del personale globale, portando una ventata di aria fresca nel mercato del lavoro della Svizzera sudorientale. Questa filiale \u00e8 un punto di incontro tra competenza professionale e cordialit\u00e0, esperienza e nuovi inizi. Flexsis Coira \u00e8 pi\u00f9 di una filiale: \u00e8 un anello di congiunzione tra regioni, lingue e persone.\",\"breadcrumb\":{\"@id\":\"https:\/\/www.flexsis.ch\/it\/flexsis-coira-dove-lingue-persone-e-opportunita-si-incontrano\/#breadcrumb\"},\"inLanguage\":\"it-IT\",\"potentialAction\":[{\"@type\":\"ReadAction\",\"target\":[\"https:\/\/www.flexsis.ch\/it\/flexsis-coira-dove-lingue-persone-e-opportunita-si-incontrano\/\"]}]},{\"@type\":\"ImageObject\",\"inLanguage\":\"it-IT\",\"@id\":\"https:\/\/www.flexsis.ch\/it\/flexsis-coira-dove-lingue-persone-e-opportunita-si-incontrano\/#primaryimage\",\"url\":\"https:\/\/www.flexsis.ch\/wp-content\/uploads\/2025\/12\/1-scaled.png\",\"contentUrl\":\"https:\/\/www.flexsis.ch\/wp-content\/uploads\/2025\/12\/1-scaled.png\",\"width\":2560,\"height\":1706},{\"@type\":\"BreadcrumbList\",\"@id\":\"https:\/\/www.flexsis.ch\/it\/flexsis-coira-dove-lingue-persone-e-opportunita-si-incontrano\/#breadcrumb\",\"itemListElement\":[{\"@type\":\"ListItem\",\"position\":1,\"name\":\"Accueil\",\"item\":\"https:\/\/www.flexsis.ch\/it\/\"},{\"@type\":\"ListItem\",\"position\":2,\"name\":\"Flexsis Coira: dove lingue, persone e opportunit\u00e0 si incontrano\"}]},{\"@type\":\"WebSite\",\"@id\":\"https:\/\/www.flexsis.ch\/it\/#website\",\"url\":\"https:\/\/www.flexsis.ch\/it\/\",\"name\":\"Flexsis\",\"description\":\"specialisti in offerte di lavoro e reclutamento nell'industria, nella costruzione, nella logistica e nella farmaceutica\",\"publisher\":{\"@id\":\"https:\/\/www.flexsis.ch\/it\/#organization\"},\"potentialAction\":[{\"@type\":\"SearchAction\",\"target\":{\"@type\":\"EntryPoint\",\"urlTemplate\":\"https:\/\/www.flexsis.ch\/it\/?s={search_term_string}\"},\"query-input\":{\"@type\":\"PropertyValueSpecification\",\"valueRequired\":true,\"valueName\":\"search_term_string\"}}],\"inLanguage\":\"it-IT\"},{\"@type\":\"Organization\",\"@id\":\"https:\/\/www.flexsis.ch\/it\/#organization\",\"name\":\"Flexsis\",\"url\":\"https:\/\/www.flexsis.ch\/it\/\",\"logo\":{\"@type\":\"ImageObject\",\"inLanguage\":\"it-IT\",\"@id\":\"https:\/\/www.flexsis.ch\/it\/#\/schema\/logo\/image\/\",\"url\":\"https:\/\/www.flexsis.ch\/wp-content\/uploads\/2024\/02\/flexsis_696x696.jpg\",\"contentUrl\":\"https:\/\/www.flexsis.ch\/wp-content\/uploads\/2024\/02\/flexsis_696x696.jpg\",\"width\":696,\"height\":696,\"caption\":\"Flexsis\"},\"image\":{\"@id\":\"https:\/\/www.flexsis.ch\/it\/#\/schema\/logo\/image\/\"}},{\"@type\":\"Person\",\"@id\":\"https:\/\/www.flexsis.ch\/it\/#\/schema\/person\/1dfa8c391bdaadc11874cd92abff18be\",\"name\":\"Marketing\",\"url\":\"https:\/\/www.flexsis.ch\/it\/author\/teammarketing\/\"}]}<\/script>\n<!-- \/ Yoast SEO plugin. -->","yoast_head_json":{"title":"Flexsis","description":"Tra le montagne, i capannoni industriali e le officine si trova una giovane, ma determinata filiale: Flexsis Coira. Dal 2024 fa parte della rete nazionale ed \u00e8 subentrata all\u2019ex agenzia del personale globale, portando una ventata di aria fresca nel mercato del lavoro della Svizzera sudorientale. Questa filiale \u00e8 un punto di incontro tra competenza professionale e cordialit\u00e0, esperienza e nuovi inizi. Flexsis Coira \u00e8 pi\u00f9 di una filiale: \u00e8 un anello di congiunzione tra regioni, lingue e persone.","robots":{"index":"index","follow":"follow","max-snippet":"max-snippet:-1","max-image-preview":"max-image-preview:large","max-video-preview":"max-video-preview:-1"},"canonical":"https:\/\/www.flexsis.ch\/it\/flexsis-coira-dove-lingue-persone-e-opportunita-si-incontrano\/","og_locale":"it_IT","og_type":"article","og_title":"Flexsis Coira: dove lingue, persone e opportunit\u00e0 si incontrano - Flexsis","og_description":"Tra le montagne, i capannoni industriali e le officine si trova una giovane, ma determinata filiale: Flexsis Coira. Dal 2024 fa parte della rete nazionale ed \u00e8 subentrata all\u2019ex agenzia del personale globale, portando una ventata di aria fresca nel mercato del lavoro della Svizzera sudorientale. Questa filiale \u00e8 un punto di incontro tra competenza professionale e cordialit\u00e0, esperienza e nuovi inizi. Flexsis Coira \u00e8 pi\u00f9 di una filiale: \u00e8 un anello di congiunzione tra regioni, lingue e persone.","og_url":"https:\/\/www.flexsis.ch\/it\/flexsis-coira-dove-lingue-persone-e-opportunita-si-incontrano\/","og_site_name":"Flexsis","article_published_time":"2025-12-03T10:50:15+00:00","article_modified_time":"2025-12-03T17:00:46+00:00","og_image":[{"width":1024,"height":683,"url":"https:\/\/www.flexsis.ch\/wp-content\/uploads\/2025\/12\/1-1024x683.png","type":"image\/png"}],"author":"Marketing","twitter_card":"summary_large_image","twitter_misc":{"Scritto da":"Marketing","Tempo di lettura stimato":"8 minuti"},"schema":{"@context":"https:\/\/schema.org","@graph":[{"@type":"Article","@id":"https:\/\/www.flexsis.ch\/it\/flexsis-coira-dove-lingue-persone-e-opportunita-si-incontrano\/#article","isPartOf":{"@id":"https:\/\/www.flexsis.ch\/it\/flexsis-coira-dove-lingue-persone-e-opportunita-si-incontrano\/"},"author":{"name":"Marketing","@id":"https:\/\/www.flexsis.ch\/it\/#\/schema\/person\/1dfa8c391bdaadc11874cd92abff18be"},"headline":"Flexsis Coira: dove lingue, persone e opportunit\u00e0 si incontrano","datePublished":"2025-12-03T10:50:15+00:00","dateModified":"2025-12-03T17:00:46+00:00","mainEntityOfPage":{"@id":"https:\/\/www.flexsis.ch\/it\/flexsis-coira-dove-lingue-persone-e-opportunita-si-incontrano\/"},"wordCount":1263,"publisher":{"@id":"https:\/\/www.flexsis.ch\/it\/#organization"},"image":{"@id":"https:\/\/www.flexsis.ch\/it\/flexsis-coira-dove-lingue-persone-e-opportunita-si-incontrano\/#primaryimage"},"thumbnailUrl":"https:\/\/www.flexsis.ch\/wp-content\/uploads\/2025\/12\/1-scaled.png","articleSection":["Blog"],"inLanguage":"it-IT"},{"@type":"WebPage","@id":"https:\/\/www.flexsis.ch\/it\/flexsis-coira-dove-lingue-persone-e-opportunita-si-incontrano\/","url":"https:\/\/www.flexsis.ch\/it\/flexsis-coira-dove-lingue-persone-e-opportunita-si-incontrano\/","name":"Flexsis Coira: dove lingue, persone e opportunit\u00e0 si incontrano - Flexsis","isPartOf":{"@id":"https:\/\/www.flexsis.ch\/it\/#website"},"primaryImageOfPage":{"@id":"https:\/\/www.flexsis.ch\/it\/flexsis-coira-dove-lingue-persone-e-opportunita-si-incontrano\/#primaryimage"},"image":{"@id":"https:\/\/www.flexsis.ch\/it\/flexsis-coira-dove-lingue-persone-e-opportunita-si-incontrano\/#primaryimage"},"thumbnailUrl":"https:\/\/www.flexsis.ch\/wp-content\/uploads\/2025\/12\/1-scaled.png","datePublished":"2025-12-03T10:50:15+00:00","dateModified":"2025-12-03T17:00:46+00:00","description":"Tra le montagne, i capannoni industriali e le officine si trova una giovane, ma determinata filiale: Flexsis Coira. Dal 2024 fa parte della rete nazionale ed \u00e8 subentrata all\u2019ex agenzia del personale globale, portando una ventata di aria fresca nel mercato del lavoro della Svizzera sudorientale. Questa filiale \u00e8 un punto di incontro tra competenza professionale e cordialit\u00e0, esperienza e nuovi inizi. Flexsis Coira \u00e8 pi\u00f9 di una filiale: \u00e8 un anello di congiunzione tra regioni, lingue e persone.","breadcrumb":{"@id":"https:\/\/www.flexsis.ch\/it\/flexsis-coira-dove-lingue-persone-e-opportunita-si-incontrano\/#breadcrumb"},"inLanguage":"it-IT","potentialAction":[{"@type":"ReadAction","target":["https:\/\/www.flexsis.ch\/it\/flexsis-coira-dove-lingue-persone-e-opportunita-si-incontrano\/"]}]},{"@type":"ImageObject","inLanguage":"it-IT","@id":"https:\/\/www.flexsis.ch\/it\/flexsis-coira-dove-lingue-persone-e-opportunita-si-incontrano\/#primaryimage","url":"https:\/\/www.flexsis.ch\/wp-content\/uploads\/2025\/12\/1-scaled.png","contentUrl":"https:\/\/www.flexsis.ch\/wp-content\/uploads\/2025\/12\/1-scaled.png","width":2560,"height":1706},{"@type":"BreadcrumbList","@id":"https:\/\/www.flexsis.ch\/it\/flexsis-coira-dove-lingue-persone-e-opportunita-si-incontrano\/#breadcrumb","itemListElement":[{"@type":"ListItem","position":1,"name":"Accueil","item":"https:\/\/www.flexsis.ch\/it\/"},{"@type":"ListItem","position":2,"name":"Flexsis Coira: dove lingue, persone e opportunit\u00e0 si incontrano"}]},{"@type":"WebSite","@id":"https:\/\/www.flexsis.ch\/it\/#website","url":"https:\/\/www.flexsis.ch\/it\/","name":"Flexsis","description":"specialisti in offerte di lavoro e reclutamento nell'industria, nella costruzione, nella logistica e nella farmaceutica","publisher":{"@id":"https:\/\/www.flexsis.ch\/it\/#organization"},"potentialAction":[{"@type":"SearchAction","target":{"@type":"EntryPoint","urlTemplate":"https:\/\/www.flexsis.ch\/it\/?s={search_term_string}"},"query-input":{"@type":"PropertyValueSpecification","valueRequired":true,"valueName":"search_term_string"}}],"inLanguage":"it-IT"},{"@type":"Organization","@id":"https:\/\/www.flexsis.ch\/it\/#organization","name":"Flexsis","url":"https:\/\/www.flexsis.ch\/it\/","logo":{"@type":"ImageObject","inLanguage":"it-IT","@id":"https:\/\/www.flexsis.ch\/it\/#\/schema\/logo\/image\/","url":"https:\/\/www.flexsis.ch\/wp-content\/uploads\/2024\/02\/flexsis_696x696.jpg","contentUrl":"https:\/\/www.flexsis.ch\/wp-content\/uploads\/2024\/02\/flexsis_696x696.jpg","width":696,"height":696,"caption":"Flexsis"},"image":{"@id":"https:\/\/www.flexsis.ch\/it\/#\/schema\/logo\/image\/"}},{"@type":"Person","@id":"https:\/\/www.flexsis.ch\/it\/#\/schema\/person\/1dfa8c391bdaadc11874cd92abff18be","name":"Marketing","url":"https:\/\/www.flexsis.ch\/it\/author\/teammarketing\/"}]}},"_links":{"self":[{"href":"https:\/\/www.flexsis.ch\/it\/wp-json\/wp\/v2\/posts\/2227","targetHints":{"allow":["GET"]}}],"collection":[{"href":"https:\/\/www.flexsis.ch\/it\/wp-json\/wp\/v2\/posts"}],"about":[{"href":"https:\/\/www.flexsis.ch\/it\/wp-json\/wp\/v2\/types\/post"}],"author":[{"embeddable":true,"href":"https:\/\/www.flexsis.ch\/it\/wp-json\/wp\/v2\/users\/9"}],"replies":[{"embeddable":true,"href":"https:\/\/www.flexsis.ch\/it\/wp-json\/wp\/v2\/comments?post=2227"}],"version-history":[{"count":3,"href":"https:\/\/www.flexsis.ch\/it\/wp-json\/wp\/v2\/posts\/2227\/revisions"}],"predecessor-version":[{"id":2241,"href":"https:\/\/www.flexsis.ch\/it\/wp-json\/wp\/v2\/posts\/2227\/revisions\/2241"}],"wp:featuredmedia":[{"embeddable":true,"href":"https:\/\/www.flexsis.ch\/it\/wp-json\/wp\/v2\/media\/2207"}],"wp:attachment":[{"href":"https:\/\/www.flexsis.ch\/it\/wp-json\/wp\/v2\/media?parent=2227"}],"wp:term":[{"taxonomy":"category","embeddable":true,"href":"https:\/\/www.flexsis.ch\/it\/wp-json\/wp\/v2\/categories?post=2227"},{"taxonomy":"post_tag","embeddable":true,"href":"https:\/\/www.flexsis.ch\/it\/wp-json\/wp\/v2\/tags?post=2227"}],"curies":[{"name":"wp","href":"https:\/\/api.w.org\/{rel}","templated":true}]}}